{"id":2036,"date":"2017-06-21T16:31:17","date_gmt":"2017-06-21T19:31:17","guid":{"rendered":"http:\/\/www.anba.org.ar\/?p=2036"},"modified":"2017-06-21T16:42:18","modified_gmt":"2017-06-21T19:42:18","slug":"conferencia-motivo-del-60o-aniversario-la-inauguracion-del-monumento-la-bandera","status":"publish","type":"post","link":"https:\/\/smtp224.allytech.com\/~uv030373\/actividades\/conferencia-motivo-del-60o-aniversario-la-inauguracion-del-monumento-la-bandera\/","title":{"rendered":"Conferencia con motivo del 60\u00ba Aniversario de la inauguraci\u00f3n del Monumento a la Bandera."},"content":{"rendered":"<p>La Fundaci\u00f3n Forner-Bigatti y la Academia Nacional de Bellas Artes los invitan a la Conferencia con motivo del 60\u00ba Aniversario de la inauguraci\u00f3n del Monumento a la Bandera.<\/p>\n<p>Hablar\u00e1n \u00c1ngel Navarro, Carlos Gim\u00e9nez y Adriana Van Deurs. La presentaci\u00f3n estar\u00e1 a cargo del Acad\u00e9mico Jos\u00e9 Emilio Buruc\u00faa, el pr\u00f3ximo Jueves 29 de junio a las 19 horas, en nuestra sede, S\u00e1nchez de Bustamante 2663 2\u00ba.<\/p>\n<p>ENTRADA LIBRE Y GRATUITA<\/p>\n<p>Los esperamos<\/p>\n\r\n\t\t\t\t<div class=\"mr_social_sharing_wrapper\">\r\n\t\t\t\t<!-- Social Sharing Toolkit v2.2 --><span class=\"mr_social_sharing\"><a class=\"mr_social_share_twitter\" href=\"https:\/\/twitter.com\/share?url=https%3A%2F%2Fsmtp224.allytech.com%2F%7Euv030373%2Factividades%2Fconferencia-motivo-del-60o-aniversario-la-inauguracion-del-monumento-la-bandera%2F&amp;text=Conferencia+con+motivo+del+60%C2%BA+Aniversario+de+la+inauguraci%C3%B3n+del+Monumento+a+la+Bandera.\" class=\"mr_social_sharing_popup_link\"><img src=\"http:\/\/www.anba.org.ar\/wp-content\/uploads\/2014\/11\/tw.png\" class=\"nopin\" alt=\"Share on Twitter\" title=\"Share on Twitter\"\/><\/a><\/span><span class=\"mr_social_sharing\"><a class=\"mr_social_share_googleplus\" href=\"\/\/plusone.google.com\/_\/+1\/confirm?hl=en&amp;url=https%3A%2F%2Fsmtp224.allytech.com%2F%7Euv030373%2Factividades%2Fconferencia-motivo-del-60o-aniversario-la-inauguracion-del-monumento-la-bandera%2F&amp;title=Conferencia+con+motivo+del+60%C2%BA+Aniversario+de+la+inauguraci%C3%B3n+del+Monumento+a+la+Bandera.\" class=\"mr_social_sharing_popup_link\"><img src=\"http:\/\/www.anba.org.ar\/wp-content\/uploads\/2014\/11\/googlep.png\" class=\"nopin\" alt=\"+1\" title=\"+1\"\/><\/a><\/span><span class=\"mr_social_sharing\"><a class=\"mr_social_share_facebook\" href=\"\/\/www.facebook.com\/sharer\/sharer.php?u=https%3A%2F%2Fsmtp224.allytech.com%2F%7Euv030373%2Factividades%2Fconferencia-motivo-del-60o-aniversario-la-inauguracion-del-monumento-la-bandera%2F&amp;t=Conferencia+con+motivo+del+60%C2%BA+Aniversario+de+la+inauguraci%C3%B3n+del+Monumento+a+la+Bandera.\" class=\"mr_social_sharing_popup_link\"><img src=\"http:\/\/www.anba.org.ar\/wp-content\/uploads\/2014\/11\/face.png\" class=\"nopin\" alt=\"Share on Facebook\" title=\"Share on Facebook\"\/><\/a><\/span><span class=\"mr_social_sharing\"><span style=\"display: inline-block; width: 51px; height: 21px; overflow: hidden;\"><div class=\"fb-like\" data-href=\"https:\/\/smtp224.allytech.com\/~uv030373\/actividades\/conferencia-motivo-del-60o-aniversario-la-inauguracion-del-monumento-la-bandera\/\" data-send=\"false\" data-width=\"51\" data-show-faces=\"false\"><\/div><\/span><\/span><span class=\"mr_social_sharing\"><a rel=\"nofollow\" class=\"linksalpha_button linksalpha_link\" href=\"\/\/www.linksalpha.com\/social\/mobile\" data-url=\"https:\/\/smtp224.allytech.com\/~uv030373\/actividades\/conferencia-motivo-del-60o-aniversario-la-inauguracion-del-monumento-la-bandera\/\" data-text=\"Conferencia con motivo del 60\u00ba Aniversario de la inauguraci\u00f3n del Monumento a la Bandera.\" data-desc=\"La Fundaci\u00f3n Forner-Bigatti y la Academia Nacional de Bellas Artes los invitan a la Conferencia con motivo del 60\u00ba Aniversario de la inauguraci\u00f3n del Monumento a la Bandera. Hablar\u00e1n \u00c1ngel Navarro, Carlos Gim\u00e9nez y Adriana Van Deurs. La presentaci\u00f3n estar\u00e1 a cargo del Acad\u00e9mico Jos\u00e9 Emilio\" data-image=\"https:\/\/smtp224.allytech.com\/~uv030373\/wp-content\/uploads\/2017\/06\/flyer-Bigatti-900x870-300x300.jpg\" data-button=\"icon_small\">\r\n\t\t\t\t\t<img src=\"\/\/www.linksalpha.com\/images\/social_share_icon_small.png\" alt=\"Share\" class=\"linksalpha_image\" \/>\r\n\t\t\t\t\t<\/a><script type=\"text\/javascript\" src=\"\/\/www.linksalpha.com\/scripts\/loader_iconbox.js?v=2.4\"><\/script><\/span><\/div>","protected":false},"excerpt":{"rendered":"<p>La Fundaci\u00f3n Forner-Bigatti y la Academia Nacional de Bellas Artes los invitan a la Conferencia con motivo del 60\u00ba Aniversario de la inauguraci\u00f3n del Monumento a la Bandera. Hablar\u00e1n \u00c1ngel Navarro, Carlos Gim\u00e9nez y Adriana Van Deurs. La presentaci\u00f3n estar\u00e1 a cargo del Acad\u00e9mico Jos\u00e9 Emilio Buruc\u00faa, el pr\u00f3ximo Jueves 29 de junio a las [&hellip;]<\/p>\n\r\n\t\t\t\t<div class=\"mr_social_sharing_wrapper\">\r\n\t\t\t\t<!-- Social Sharing Toolkit v2.2 --><span class=\"mr_social_sharing\"><a class=\"mr_social_share_twitter\" href=\"https:\/\/twitter.com\/share?url=https%3A%2F%2Fsmtp224.allytech.com%2F%7Euv030373%2Factividades%2Fconferencia-motivo-del-60o-aniversario-la-inauguracion-del-monumento-la-bandera%2F&amp;text=Conferencia+con+motivo+del+60%C2%BA+Aniversario+de+la+inauguraci%C3%B3n+del+Monumento+a+la+Bandera.\" class=\"mr_social_sharing_popup_link\"><img src=\"http:\/\/www.anba.org.ar\/wp-content\/uploads\/2014\/11\/tw.png\" class=\"nopin\" alt=\"Share on Twitter\" title=\"Share on Twitter\"\/><\/a><\/span><span class=\"mr_social_sharing\"><a class=\"mr_social_share_googleplus\" href=\"\/\/plusone.google.com\/_\/+1\/confirm?hl=en&amp;url=https%3A%2F%2Fsmtp224.allytech.com%2F%7Euv030373%2Factividades%2Fconferencia-motivo-del-60o-aniversario-la-inauguracion-del-monumento-la-bandera%2F&amp;title=Conferencia+con+motivo+del+60%C2%BA+Aniversario+de+la+inauguraci%C3%B3n+del+Monumento+a+la+Bandera.\" class=\"mr_social_sharing_popup_link\"><img src=\"http:\/\/www.anba.org.ar\/wp-content\/uploads\/2014\/11\/googlep.png\" class=\"nopin\" alt=\"+1\" title=\"+1\"\/><\/a><\/span><span class=\"mr_social_sharing\"><a class=\"mr_social_share_facebook\" href=\"\/\/www.facebook.com\/sharer\/sharer.php?u=https%3A%2F%2Fsmtp224.allytech.com%2F%7Euv030373%2Factividades%2Fconferencia-motivo-del-60o-aniversario-la-inauguracion-del-monumento-la-bandera%2F&amp;t=Conferencia+con+motivo+del+60%C2%BA+Aniversario+de+la+inauguraci%C3%B3n+del+Monumento+a+la+Bandera.\" class=\"mr_social_sharing_popup_link\"><img src=\"http:\/\/www.anba.org.ar\/wp-content\/uploads\/2014\/11\/face.png\" class=\"nopin\" alt=\"Share on Facebook\" title=\"Share on Facebook\"\/><\/a><\/span><span class=\"mr_social_sharing\"><span style=\"display: inline-block; width: 51px; height: 21px; overflow: hidden;\"><div class=\"fb-like\" data-href=\"https:\/\/smtp224.allytech.com\/~uv030373\/actividades\/conferencia-motivo-del-60o-aniversario-la-inauguracion-del-monumento-la-bandera\/\" data-send=\"false\" data-width=\"51\" data-show-faces=\"false\"><\/div><\/span><\/span><span class=\"mr_social_sharing\"><a rel=\"nofollow\" class=\"linksalpha_button linksalpha_link\" href=\"\/\/www.linksalpha.com\/social\/mobile\" data-url=\"https:\/\/smtp224.allytech.com\/~uv030373\/actividades\/conferencia-motivo-del-60o-aniversario-la-inauguracion-del-monumento-la-bandera\/\" data-text=\"Conferencia con motivo del 60\u00ba Aniversario de la inauguraci\u00f3n del Monumento a la Bandera.\" data-desc=\"La Fundaci\u00f3n Forner-Bigatti y la Academia Nacional de Bellas Artes los invitan a la Conferencia con motivo del 60\u00ba Aniversario de la inauguraci\u00f3n del Monumento a la Bandera. Hablar\u00e1n \u00c1ngel Navarro, Carlos Gim\u00e9nez y Adriana Van Deurs. La presentaci\u00f3n estar\u00e1 a cargo del Acad\u00e9mico Jos\u00e9 Emilio\" data-image=\"https:\/\/smtp224.allytech.com\/~uv030373\/wp-content\/uploads\/2017\/06\/flyer-Bigatti-900x870-300x300.jpg\" data-button=\"icon_small\">\r\n\t\t\t\t\t<img src=\"\/\/www.linksalpha.com\/images\/social_share_icon_small.png\" alt=\"Share\" class=\"linksalpha_image\" \/>\r\n\t\t\t\t\t<\/a><script type=\"text\/javascript\" src=\"\/\/www.linksalpha.com\/scripts\/loader_iconbox.js?v=2.4\"><\/script><\/span><\/div>","protected":false},"author":2,"featured_media":2037,"comment_status":"closed","ping_status":"closed","sticky":false,"template":"","format":"standard","meta":[],"categories":[3,1],"tags":[],"acf":[],"yoast_head":"<!-- This site is optimized with the Yoast SEO plugin v18.1 - https:\/\/yoast.com\/wordpress\/plugins\/seo\/ -->\n<title>Conferencia con motivo del 60\u00ba Aniversario de la inauguraci\u00f3n del Monumento a la Bandera. - ANBA<\/title>\n<meta name=\"description\" content=\"La Fundaci\u00f3n Forner-Bigatti y la Academia Nacional de Bellas Artes los invitan a la Conferencia con motivo del 60\u00ba Aniversario de la inauguraci\u00f3n del\" \/>\n<meta name=\"robots\" content=\"index, follow, max-snippet:-1, max-image-preview:large, max-video-preview:-1\" \/>\n<link rel=\"canonical\" href=\"https:\/\/smtp224.allytech.com\/~uv030373\/actividades\/conferencia-motivo-del-60o-aniversario-la-inauguracion-del-monumento-la-bandera\/\" \/>\n<meta property=\"og:locale\" content=\"es_ES\" \/>\n<meta property=\"og:type\" content=\"article\" \/>\n<meta property=\"og:title\" content=\"Conferencia con motivo del 60\u00ba Aniversario de la inauguraci\u00f3n del Monumento a la Bandera. - ANBA\" \/>\n<meta property=\"og:description\" content=\"La Fundaci\u00f3n Forner-Bigatti y la Academia Nacional de Bellas Artes los invitan a la Conferencia con motivo del 60\u00ba Aniversario de la inauguraci\u00f3n del\" \/>\n<meta property=\"og:url\" content=\"https:\/\/smtp224.allytech.com\/~uv030373\/actividades\/conferencia-motivo-del-60o-aniversario-la-inauguracion-del-monumento-la-bandera\/\" \/>\n<meta property=\"og:site_name\" content=\"ANBA\" \/>\n<meta property=\"article:publisher\" content=\"https:\/\/www.facebook.com\/anbaweb\" \/>\n<meta property=\"article:published_time\" content=\"2017-06-21T19:31:17+00:00\" \/>\n<meta property=\"article:modified_time\" content=\"2017-06-21T19:42:18+00:00\" \/>\n<meta property=\"og:image\" content=\"https:\/\/smtp224.allytech.com\/~uv030373\/wp-content\/uploads\/2017\/06\/flyer-Bigatti-900x870.jpg\" \/>\n\t<meta property=\"og:image:width\" content=\"900\" \/>\n\t<meta property=\"og:image:height\" content=\"870\" \/>\n\t<meta property=\"og:image:type\" content=\"image\/jpeg\" \/>\n<meta name=\"twitter:card\" content=\"summary_large_image\" \/>\n<meta name=\"twitter:creator\" content=\"@anbaweb\" \/>\n<meta name=\"twitter:site\" content=\"@anbaweb\" \/>\n<meta name=\"twitter:label1\" content=\"Escrito por\" \/>\n\t<meta name=\"twitter:data1\" content=\"anba.2014\" \/>\n<script type=\"application\/ld+json\" class=\"yoast-schema-graph\">{\"@context\":\"https:\/\/schema.org\",\"@graph\":[{\"@type\":\"Organization\",\"@id\":\"https:\/\/smtp224.allytech.com\/~uv030373\/#organization\",\"name\":\"ANBA Academia Nacional de Bellas Artes\",\"url\":\"https:\/\/smtp224.allytech.com\/~uv030373\/\",\"sameAs\":[\"https:\/\/www.facebook.com\/anbaweb\",\"https:\/\/twitter.com\/anbaweb\"],\"logo\":{\"@type\":\"ImageObject\",\"@id\":\"https:\/\/smtp224.allytech.com\/~uv030373\/#logo\",\"inLanguage\":\"es\",\"url\":\"https:\/\/smtp224.allytech.com\/~uv030373\/wp-content\/uploads\/2018\/07\/anba-2017-2.jpg\",\"contentUrl\":\"https:\/\/smtp224.allytech.com\/~uv030373\/wp-content\/uploads\/2018\/07\/anba-2017-2.jpg\",\"width\":218,\"height\":271,\"caption\":\"ANBA Academia Nacional de Bellas Artes\"},\"image\":{\"@id\":\"https:\/\/smtp224.allytech.com\/~uv030373\/#logo\"}},{\"@type\":\"WebSite\",\"@id\":\"https:\/\/smtp224.allytech.com\/~uv030373\/#website\",\"url\":\"https:\/\/smtp224.allytech.com\/~uv030373\/\",\"name\":\"ANBA\",\"description\":\"Academia Nacional de Bellas Artes\",\"publisher\":{\"@id\":\"https:\/\/smtp224.allytech.com\/~uv030373\/#organization\"},\"potentialAction\":[{\"@type\":\"SearchAction\",\"target\":{\"@type\":\"EntryPoint\",\"urlTemplate\":\"https:\/\/smtp224.allytech.com\/~uv030373\/?s={search_term_string}\"},\"query-input\":\"required name=search_term_string\"}],\"inLanguage\":\"es\"},{\"@type\":\"ImageObject\",\"@id\":\"https:\/\/smtp224.allytech.com\/~uv030373\/actividades\/conferencia-motivo-del-60o-aniversario-la-inauguracion-del-monumento-la-bandera\/#primaryimage\",\"inLanguage\":\"es\",\"url\":\"https:\/\/smtp224.allytech.com\/~uv030373\/wp-content\/uploads\/2017\/06\/flyer-Bigatti-900x870.jpg\",\"contentUrl\":\"https:\/\/smtp224.allytech.com\/~uv030373\/wp-content\/uploads\/2017\/06\/flyer-Bigatti-900x870.jpg\",\"width\":900,\"height\":870,\"caption\":\"Conferencia\"},{\"@type\":\"WebPage\",\"@id\":\"https:\/\/smtp224.allytech.com\/~uv030373\/actividades\/conferencia-motivo-del-60o-aniversario-la-inauguracion-del-monumento-la-bandera\/#webpage\",\"url\":\"https:\/\/smtp224.allytech.com\/~uv030373\/actividades\/conferencia-motivo-del-60o-aniversario-la-inauguracion-del-monumento-la-bandera\/\",\"name\":\"Conferencia con motivo del 60\u00ba Aniversario de la inauguraci\u00f3n del Monumento a la Bandera. - ANBA\",\"isPartOf\":{\"@id\":\"https:\/\/smtp224.allytech.com\/~uv030373\/#website\"},\"primaryImageOfPage\":{\"@id\":\"https:\/\/smtp224.allytech.com\/~uv030373\/actividades\/conferencia-motivo-del-60o-aniversario-la-inauguracion-del-monumento-la-bandera\/#primaryimage\"},\"datePublished\":\"2017-06-21T19:31:17+00:00\",\"dateModified\":\"2017-06-21T19:42:18+00:00\",\"description\":\"La Fundaci\u00f3n Forner-Bigatti y la Academia Nacional de Bellas Artes los invitan a la Conferencia con motivo del 60\u00ba Aniversario de la inauguraci\u00f3n del\",\"breadcrumb\":{\"@id\":\"https:\/\/smtp224.allytech.com\/~uv030373\/actividades\/conferencia-motivo-del-60o-aniversario-la-inauguracion-del-monumento-la-bandera\/#breadcrumb\"},\"inLanguage\":\"es\",\"potentialAction\":[{\"@type\":\"ReadAction\",\"target\":[\"https:\/\/smtp224.allytech.com\/~uv030373\/actividades\/conferencia-motivo-del-60o-aniversario-la-inauguracion-del-monumento-la-bandera\/\"]}]},{\"@type\":\"BreadcrumbList\",\"@id\":\"https:\/\/smtp224.allytech.com\/~uv030373\/actividades\/conferencia-motivo-del-60o-aniversario-la-inauguracion-del-monumento-la-bandera\/#breadcrumb\",\"itemListElement\":[{\"@type\":\"ListItem\",\"position\":1,\"name\":\"Inicio\",\"item\":\"https:\/\/smtp224.allytech.com\/~uv030373\/\"},{\"@type\":\"ListItem\",\"position\":2,\"name\":\"Conferencia con motivo del 60\u00ba Aniversario de la inauguraci\u00f3n del Monumento a la Bandera.\"}]},{\"@type\":\"Article\",\"@id\":\"https:\/\/smtp224.allytech.com\/~uv030373\/actividades\/conferencia-motivo-del-60o-aniversario-la-inauguracion-del-monumento-la-bandera\/#article\",\"isPartOf\":{\"@id\":\"https:\/\/smtp224.allytech.com\/~uv030373\/actividades\/conferencia-motivo-del-60o-aniversario-la-inauguracion-del-monumento-la-bandera\/#webpage\"},\"author\":{\"@id\":\"https:\/\/smtp224.allytech.com\/~uv030373\/#\/schema\/person\/d1543c7532c01542b26f99d9753494b4\"},\"headline\":\"Conferencia con motivo del 60\u00ba Aniversario de la inauguraci\u00f3n del Monumento a la Bandera.\",\"datePublished\":\"2017-06-21T19:31:17+00:00\",\"dateModified\":\"2017-06-21T19:42:18+00:00\",\"mainEntityOfPage\":{\"@id\":\"https:\/\/smtp224.allytech.com\/~uv030373\/actividades\/conferencia-motivo-del-60o-aniversario-la-inauguracion-del-monumento-la-bandera\/#webpage\"},\"wordCount\":89,\"publisher\":{\"@id\":\"https:\/\/smtp224.allytech.com\/~uv030373\/#organization\"},\"image\":{\"@id\":\"https:\/\/smtp224.allytech.com\/~uv030373\/actividades\/conferencia-motivo-del-60o-aniversario-la-inauguracion-del-monumento-la-bandera\/#primaryimage\"},\"thumbnailUrl\":\"https:\/\/smtp224.allytech.com\/~uv030373\/wp-content\/uploads\/2017\/06\/flyer-Bigatti-900x870.jpg\",\"articleSection\":[\"Actividades\",\"Noticias\"],\"inLanguage\":\"es\"},{\"@type\":\"Person\",\"@id\":\"https:\/\/smtp224.allytech.com\/~uv030373\/#\/schema\/person\/d1543c7532c01542b26f99d9753494b4\",\"name\":\"anba.2014\",\"image\":{\"@type\":\"ImageObject\",\"@id\":\"https:\/\/smtp224.allytech.com\/~uv030373\/#personlogo\",\"inLanguage\":\"es\",\"url\":\"https:\/\/secure.gravatar.com\/avatar\/ddcf122d8b137552b4073c740d524e5f?s=96&d=mm&r=g\",\"contentUrl\":\"https:\/\/secure.gravatar.com\/avatar\/ddcf122d8b137552b4073c740d524e5f?s=96&d=mm&r=g\",\"caption\":\"anba.2014\"},\"url\":\"https:\/\/smtp224.allytech.com\/~uv030373\/author\/anba-2014\/\"}]}<\/script>\n<!-- \/ Yoast SEO plugin. -->","yoast_head_json":{"title":"Conferencia con motivo del 60\u00ba Aniversario de la inauguraci\u00f3n del Monumento a la Bandera. - ANBA","description":"La Fundaci\u00f3n Forner-Bigatti y la Academia Nacional de Bellas Artes los invitan a la Conferencia con motivo del 60\u00ba Aniversario de la inauguraci\u00f3n del","robots":{"index":"index","follow":"follow","max-snippet":"max-snippet:-1","max-image-preview":"max-image-preview:large","max-video-preview":"max-video-preview:-1"},"canonical":"https:\/\/smtp224.allytech.com\/~uv030373\/actividades\/conferencia-motivo-del-60o-aniversario-la-inauguracion-del-monumento-la-bandera\/","og_locale":"es_ES","og_type":"article","og_title":"Conferencia con motivo del 60\u00ba Aniversario de la inauguraci\u00f3n del Monumento a la Bandera. - ANBA","og_description":"La Fundaci\u00f3n Forner-Bigatti y la Academia Nacional de Bellas Artes los invitan a la Conferencia con motivo del 60\u00ba Aniversario de la inauguraci\u00f3n del","og_url":"https:\/\/smtp224.allytech.com\/~uv030373\/actividades\/conferencia-motivo-del-60o-aniversario-la-inauguracion-del-monumento-la-bandera\/","og_site_name":"ANBA","article_publisher":"https:\/\/www.facebook.com\/anbaweb","article_published_time":"2017-06-21T19:31:17+00:00","article_modified_time":"2017-06-21T19:42:18+00:00","og_image":[{"width":900,"height":870,"url":"https:\/\/smtp224.allytech.com\/~uv030373\/wp-content\/uploads\/2017\/06\/flyer-Bigatti-900x870.jpg","type":"image\/jpeg"}],"twitter_card":"summary_large_image","twitter_creator":"@anbaweb","twitter_site":"@anbaweb","twitter_misc":{"Escrito por":"anba.2014"},"schema":{"@context":"https:\/\/schema.org","@graph":[{"@type":"Organization","@id":"https:\/\/smtp224.allytech.com\/~uv030373\/#organization","name":"ANBA Academia Nacional de Bellas Artes","url":"https:\/\/smtp224.allytech.com\/~uv030373\/","sameAs":["https:\/\/www.facebook.com\/anbaweb","https:\/\/twitter.com\/anbaweb"],"logo":{"@type":"ImageObject","@id":"https:\/\/smtp224.allytech.com\/~uv030373\/#logo","inLanguage":"es","url":"https:\/\/smtp224.allytech.com\/~uv030373\/wp-content\/uploads\/2018\/07\/anba-2017-2.jpg","contentUrl":"https:\/\/smtp224.allytech.com\/~uv030373\/wp-content\/uploads\/2018\/07\/anba-2017-2.jpg","width":218,"height":271,"caption":"ANBA Academia Nacional de Bellas Artes"},"image":{"@id":"https:\/\/smtp224.allytech.com\/~uv030373\/#logo"}},{"@type":"WebSite","@id":"https:\/\/smtp224.allytech.com\/~uv030373\/#website","url":"https:\/\/smtp224.allytech.com\/~uv030373\/","name":"ANBA","description":"Academia Nacional de Bellas Artes","publisher":{"@id":"https:\/\/smtp224.allytech.com\/~uv030373\/#organization"},"potentialAction":[{"@type":"SearchAction","target":{"@type":"EntryPoint","urlTemplate":"https:\/\/smtp224.allytech.com\/~uv030373\/?s={search_term_string}"},"query-input":"required name=search_term_string"}],"inLanguage":"es"},{"@type":"ImageObject","@id":"https:\/\/smtp224.allytech.com\/~uv030373\/actividades\/conferencia-motivo-del-60o-aniversario-la-inauguracion-del-monumento-la-bandera\/#primaryimage","inLanguage":"es","url":"https:\/\/smtp224.allytech.com\/~uv030373\/wp-content\/uploads\/2017\/06\/flyer-Bigatti-900x870.jpg","contentUrl":"https:\/\/smtp224.allytech.com\/~uv030373\/wp-content\/uploads\/2017\/06\/flyer-Bigatti-900x870.jpg","width":900,"height":870,"caption":"Conferencia"},{"@type":"WebPage","@id":"https:\/\/smtp224.allytech.com\/~uv030373\/actividades\/conferencia-motivo-del-60o-aniversario-la-inauguracion-del-monumento-la-bandera\/#webpage","url":"https:\/\/smtp224.allytech.com\/~uv030373\/actividades\/conferencia-motivo-del-60o-aniversario-la-inauguracion-del-monumento-la-bandera\/","name":"Conferencia con motivo del 60\u00ba Aniversario de la inauguraci\u00f3n del Monumento a la Bandera. - ANBA","isPartOf":{"@id":"https:\/\/smtp224.allytech.com\/~uv030373\/#website"},"primaryImageOfPage":{"@id":"https:\/\/smtp224.allytech.com\/~uv030373\/actividades\/conferencia-motivo-del-60o-aniversario-la-inauguracion-del-monumento-la-bandera\/#primaryimage"},"datePublished":"2017-06-21T19:31:17+00:00","dateModified":"2017-06-21T19:42:18+00:00","description":"La Fundaci\u00f3n Forner-Bigatti y la Academia Nacional de Bellas Artes los invitan a la Conferencia con motivo del 60\u00ba Aniversario de la inauguraci\u00f3n del","breadcrumb":{"@id":"https:\/\/smtp224.allytech.com\/~uv030373\/actividades\/conferencia-motivo-del-60o-aniversario-la-inauguracion-del-monumento-la-bandera\/#breadcrumb"},"inLanguage":"es","potentialAction":[{"@type":"ReadAction","target":["https:\/\/smtp224.allytech.com\/~uv030373\/actividades\/conferencia-motivo-del-60o-aniversario-la-inauguracion-del-monumento-la-bandera\/"]}]},{"@type":"BreadcrumbList","@id":"https:\/\/smtp224.allytech.com\/~uv030373\/actividades\/conferencia-motivo-del-60o-aniversario-la-inauguracion-del-monumento-la-bandera\/#breadcrumb","itemListElement":[{"@type":"ListItem","position":1,"name":"Inicio","item":"https:\/\/smtp224.allytech.com\/~uv030373\/"},{"@type":"ListItem","position":2,"name":"Conferencia con motivo del 60\u00ba Aniversario de la inauguraci\u00f3n del Monumento a la Bandera."}]},{"@type":"Article","@id":"https:\/\/smtp224.allytech.com\/~uv030373\/actividades\/conferencia-motivo-del-60o-aniversario-la-inauguracion-del-monumento-la-bandera\/#article","isPartOf":{"@id":"https:\/\/smtp224.allytech.com\/~uv030373\/actividades\/conferencia-motivo-del-60o-aniversario-la-inauguracion-del-monumento-la-bandera\/#webpage"},"author":{"@id":"https:\/\/smtp224.allytech.com\/~uv030373\/#\/schema\/person\/d1543c7532c01542b26f99d9753494b4"},"headline":"Conferencia con motivo del 60\u00ba Aniversario de la inauguraci\u00f3n del Monumento a la Bandera.","datePublished":"2017-06-21T19:31:17+00:00","dateModified":"2017-06-21T19:42:18+00:00","mainEntityOfPage":{"@id":"https:\/\/smtp224.allytech.com\/~uv030373\/actividades\/conferencia-motivo-del-60o-aniversario-la-inauguracion-del-monumento-la-bandera\/#webpage"},"wordCount":89,"publisher":{"@id":"https:\/\/smtp224.allytech.com\/~uv030373\/#organization"},"image":{"@id":"https:\/\/smtp224.allytech.com\/~uv030373\/actividades\/conferencia-motivo-del-60o-aniversario-la-inauguracion-del-monumento-la-bandera\/#primaryimage"},"thumbnailUrl":"https:\/\/smtp224.allytech.com\/~uv030373\/wp-content\/uploads\/2017\/06\/flyer-Bigatti-900x870.jpg","articleSection":["Actividades","Noticias"],"inLanguage":"es"},{"@type":"Person","@id":"https:\/\/smtp224.allytech.com\/~uv030373\/#\/schema\/person\/d1543c7532c01542b26f99d9753494b4","name":"anba.2014","image":{"@type":"ImageObject","@id":"https:\/\/smtp224.allytech.com\/~uv030373\/#personlogo","inLanguage":"es","url":"https:\/\/secure.gravatar.com\/avatar\/ddcf122d8b137552b4073c740d524e5f?s=96&d=mm&r=g","contentUrl":"https:\/\/secure.gravatar.com\/avatar\/ddcf122d8b137552b4073c740d524e5f?s=96&d=mm&r=g","caption":"anba.2014"},"url":"https:\/\/smtp224.allytech.com\/~uv030373\/author\/anba-2014\/"}]}},"_links":{"self":[{"href":"https:\/\/smtp224.allytech.com\/~uv030373\/wp-json\/wp\/v2\/posts\/2036"}],"collection":[{"href":"https:\/\/smtp224.allytech.com\/~uv030373\/wp-json\/wp\/v2\/posts"}],"about":[{"href":"https:\/\/smtp224.allytech.com\/~uv030373\/wp-json\/wp\/v2\/types\/post"}],"author":[{"embeddable":true,"href":"https:\/\/smtp224.allytech.com\/~uv030373\/wp-json\/wp\/v2\/users\/2"}],"replies":[{"embeddable":true,"href":"https:\/\/smtp224.allytech.com\/~uv030373\/wp-json\/wp\/v2\/comments?post=2036"}],"version-history":[{"count":4,"href":"https:\/\/smtp224.allytech.com\/~uv030373\/wp-json\/wp\/v2\/posts\/2036\/revisions"}],"predecessor-version":[{"id":2043,"href":"https:\/\/smtp224.allytech.com\/~uv030373\/wp-json\/wp\/v2\/posts\/2036\/revisions\/2043"}],"wp:featuredmedia":[{"embeddable":true,"href":"https:\/\/smtp224.allytech.com\/~uv030373\/wp-json\/wp\/v2\/media\/2037"}],"wp:attachment":[{"href":"https:\/\/smtp224.allytech.com\/~uv030373\/wp-json\/wp\/v2\/media?parent=2036"}],"wp:term":[{"taxonomy":"category","embeddable":true,"href":"https:\/\/smtp224.allytech.com\/~uv030373\/wp-json\/wp\/v2\/categories?post=2036"},{"taxonomy":"post_tag","embeddable":true,"href":"https:\/\/smtp224.allytech.com\/~uv030373\/wp-json\/wp\/v2\/tags?post=2036"}],"curies":[{"name":"wp","href":"https:\/\/api.w.org\/{rel}","templated":true}]}}