{"id":2646,"date":"2018-11-26T17:26:28","date_gmt":"2018-11-26T20:26:28","guid":{"rendered":"http:\/\/www.anba.org.ar\/?p=2646"},"modified":"2018-11-26T17:26:28","modified_gmt":"2018-11-26T20:26:28","slug":"inauguracion-premio-ayerza-2018","status":"publish","type":"post","link":"https:\/\/smtp224.allytech.com\/~uv030373\/actividades\/inauguracion-premio-ayerza-2018\/","title":{"rendered":"Inauguraci\u00f3n Premio Ayerza 2018"},"content":{"rendered":"<p>La Academia Nacional de Bellas Artes invita a la inauguraci\u00f3n del Premio Est\u00edmulo de Fotograf\u00eda Ayerza 2018, que se realizar\u00e1 en la Fundaci\u00f3n Arte x Arte, Lavalleja 1062, CABA, el d\u00eda 4 de diciembre a las 19 hs.<\/p>\n<p>La muestra se extender\u00e1 hasta el 20 de diciembre<\/p>\n<p>Horario<br \/>\nDe martes a viernes de 13:30 a 20 hs<br \/>\nS\u00e1bados de 15 a 19 hs<\/p>\n<p>&nbsp;<\/p>\n\r\n\t\t\t\t<div class=\"mr_social_sharing_wrapper\">\r\n\t\t\t\t<!-- Social Sharing Toolkit v2.2 --><span class=\"mr_social_sharing\"><a class=\"mr_social_share_twitter\" href=\"https:\/\/twitter.com\/share?url=https%3A%2F%2Fsmtp224.allytech.com%2F%7Euv030373%2Factividades%2Finauguracion-premio-ayerza-2018%2F&amp;text=Inauguraci%C3%B3n+Premio+Ayerza+2018\" class=\"mr_social_sharing_popup_link\"><img src=\"http:\/\/www.anba.org.ar\/wp-content\/uploads\/2014\/11\/tw.png\" class=\"nopin\" alt=\"Share on Twitter\" title=\"Share on Twitter\"\/><\/a><\/span><span class=\"mr_social_sharing\"><a class=\"mr_social_share_googleplus\" href=\"\/\/plusone.google.com\/_\/+1\/confirm?hl=en&amp;url=https%3A%2F%2Fsmtp224.allytech.com%2F%7Euv030373%2Factividades%2Finauguracion-premio-ayerza-2018%2F&amp;title=Inauguraci%C3%B3n+Premio+Ayerza+2018\" class=\"mr_social_sharing_popup_link\"><img src=\"http:\/\/www.anba.org.ar\/wp-content\/uploads\/2014\/11\/googlep.png\" class=\"nopin\" alt=\"+1\" title=\"+1\"\/><\/a><\/span><span class=\"mr_social_sharing\"><a class=\"mr_social_share_facebook\" href=\"\/\/www.facebook.com\/sharer\/sharer.php?u=https%3A%2F%2Fsmtp224.allytech.com%2F%7Euv030373%2Factividades%2Finauguracion-premio-ayerza-2018%2F&amp;t=Inauguraci%C3%B3n+Premio+Ayerza+2018\" class=\"mr_social_sharing_popup_link\"><img src=\"http:\/\/www.anba.org.ar\/wp-content\/uploads\/2014\/11\/face.png\" class=\"nopin\" alt=\"Share on Facebook\" title=\"Share on Facebook\"\/><\/a><\/span><span class=\"mr_social_sharing\"><span style=\"display: inline-block; width: 51px; height: 21px; overflow: hidden;\"><div class=\"fb-like\" data-href=\"https:\/\/smtp224.allytech.com\/~uv030373\/actividades\/inauguracion-premio-ayerza-2018\/\" data-send=\"false\" data-width=\"51\" data-show-faces=\"false\"><\/div><\/span><\/span><span class=\"mr_social_sharing\"><a rel=\"nofollow\" class=\"linksalpha_button linksalpha_link\" href=\"\/\/www.linksalpha.com\/social\/mobile\" data-url=\"https:\/\/smtp224.allytech.com\/~uv030373\/actividades\/inauguracion-premio-ayerza-2018\/\" data-text=\"Inauguraci\u00f3n Premio Ayerza 2018\" data-desc=\"La Academia Nacional de Bellas Artes invita a la inauguraci\u00f3n del Premio Est\u00edmulo de Fotograf\u00eda Ayerza 2018, que se realizar\u00e1 en la Fundaci\u00f3n Arte x Arte, Lavalleja 1062, CABA, el d\u00eda 4 de diciembre a las 19 hs. La muestra se extender\u00e1 hasta el 20 de diciembre Horario De martes a viernes de\" data-image=\"https:\/\/smtp224.allytech.com\/~uv030373\/wp-content\/uploads\/2018\/11\/flyer-AYERZA-2018-2-Inauguracion-300x300.jpg\" data-button=\"icon_small\">\r\n\t\t\t\t\t<img src=\"\/\/www.linksalpha.com\/images\/social_share_icon_small.png\" alt=\"Share\" class=\"linksalpha_image\" \/>\r\n\t\t\t\t\t<\/a><script type=\"text\/javascript\" src=\"\/\/www.linksalpha.com\/scripts\/loader_iconbox.js?v=2.4\"><\/script><\/span><\/div>","protected":false},"excerpt":{"rendered":"<p>La Academia Nacional de Bellas Artes invita a la inauguraci\u00f3n del Premio Est\u00edmulo de Fotograf\u00eda Ayerza 2018, que se realizar\u00e1 en la Fundaci\u00f3n Arte x Arte, Lavalleja 1062, CABA, el d\u00eda 4 de diciembre a las 19 hs. La muestra se extender\u00e1 hasta el 20 de diciembre Horario De martes a viernes de 13:30 a [&hellip;]<\/p>\n\r\n\t\t\t\t<div class=\"mr_social_sharing_wrapper\">\r\n\t\t\t\t<!-- Social Sharing Toolkit v2.2 --><span class=\"mr_social_sharing\"><a class=\"mr_social_share_twitter\" href=\"https:\/\/twitter.com\/share?url=https%3A%2F%2Fsmtp224.allytech.com%2F%7Euv030373%2Factividades%2Finauguracion-premio-ayerza-2018%2F&amp;text=Inauguraci%C3%B3n+Premio+Ayerza+2018\" class=\"mr_social_sharing_popup_link\"><img src=\"http:\/\/www.anba.org.ar\/wp-content\/uploads\/2014\/11\/tw.png\" class=\"nopin\" alt=\"Share on Twitter\" title=\"Share on Twitter\"\/><\/a><\/span><span class=\"mr_social_sharing\"><a class=\"mr_social_share_googleplus\" href=\"\/\/plusone.google.com\/_\/+1\/confirm?hl=en&amp;url=https%3A%2F%2Fsmtp224.allytech.com%2F%7Euv030373%2Factividades%2Finauguracion-premio-ayerza-2018%2F&amp;title=Inauguraci%C3%B3n+Premio+Ayerza+2018\" class=\"mr_social_sharing_popup_link\"><img src=\"http:\/\/www.anba.org.ar\/wp-content\/uploads\/2014\/11\/googlep.png\" class=\"nopin\" alt=\"+1\" title=\"+1\"\/><\/a><\/span><span class=\"mr_social_sharing\"><a class=\"mr_social_share_facebook\" href=\"\/\/www.facebook.com\/sharer\/sharer.php?u=https%3A%2F%2Fsmtp224.allytech.com%2F%7Euv030373%2Factividades%2Finauguracion-premio-ayerza-2018%2F&amp;t=Inauguraci%C3%B3n+Premio+Ayerza+2018\" class=\"mr_social_sharing_popup_link\"><img src=\"http:\/\/www.anba.org.ar\/wp-content\/uploads\/2014\/11\/face.png\" class=\"nopin\" alt=\"Share on Facebook\" title=\"Share on Facebook\"\/><\/a><\/span><span class=\"mr_social_sharing\"><span style=\"display: inline-block; width: 51px; height: 21px; overflow: hidden;\"><div class=\"fb-like\" data-href=\"https:\/\/smtp224.allytech.com\/~uv030373\/actividades\/inauguracion-premio-ayerza-2018\/\" data-send=\"false\" data-width=\"51\" data-show-faces=\"false\"><\/div><\/span><\/span><span class=\"mr_social_sharing\"><a rel=\"nofollow\" class=\"linksalpha_button linksalpha_link\" href=\"\/\/www.linksalpha.com\/social\/mobile\" data-url=\"https:\/\/smtp224.allytech.com\/~uv030373\/actividades\/inauguracion-premio-ayerza-2018\/\" data-text=\"Inauguraci\u00f3n Premio Ayerza 2018\" data-desc=\"La Academia Nacional de Bellas Artes invita a la inauguraci\u00f3n del Premio Est\u00edmulo de Fotograf\u00eda Ayerza 2018, que se realizar\u00e1 en la Fundaci\u00f3n Arte x Arte, Lavalleja 1062, CABA, el d\u00eda 4 de diciembre a las 19 hs. La muestra se extender\u00e1 hasta el 20 de diciembre Horario De martes a viernes de\" data-image=\"https:\/\/smtp224.allytech.com\/~uv030373\/wp-content\/uploads\/2018\/11\/flyer-AYERZA-2018-2-Inauguracion-300x300.jpg\" data-button=\"icon_small\">\r\n\t\t\t\t\t<img src=\"\/\/www.linksalpha.com\/images\/social_share_icon_small.png\" alt=\"Share\" class=\"linksalpha_image\" \/>\r\n\t\t\t\t\t<\/a><script type=\"text\/javascript\" src=\"\/\/www.linksalpha.com\/scripts\/loader_iconbox.js?v=2.4\"><\/script><\/span><\/div>","protected":false},"author":6,"featured_media":2648,"comment_status":"closed","ping_status":"closed","sticky":false,"template":"","format":"standard","meta":[],"categories":[3],"tags":[],"acf":[],"yoast_head":"<!-- This site is optimized with the Yoast SEO plugin v18.1 - https:\/\/yoast.com\/wordpress\/plugins\/seo\/ -->\n<title>Inauguraci\u00f3n Premio Ayerza 2018 - ANBA<\/title>\n<meta name=\"description\" content=\"La Academia Nacional de Bellas Artes invita a la inauguraci\u00f3n del Premio Est\u00edmulo de Fotograf\u00eda Ayerza 2018, que se realizar\u00e1 en la Fundaci\u00f3n Arte x Arte,\" \/>\n<meta name=\"robots\" content=\"index, follow, max-snippet:-1, max-image-preview:large, max-video-preview:-1\" \/>\n<link rel=\"canonical\" href=\"https:\/\/smtp224.allytech.com\/~uv030373\/actividades\/inauguracion-premio-ayerza-2018\/\" \/>\n<meta property=\"og:locale\" content=\"es_ES\" \/>\n<meta property=\"og:type\" content=\"article\" \/>\n<meta property=\"og:title\" content=\"Inauguraci\u00f3n Premio Ayerza 2018 - ANBA\" \/>\n<meta property=\"og:description\" content=\"La Academia Nacional de Bellas Artes invita a la inauguraci\u00f3n del Premio Est\u00edmulo de Fotograf\u00eda Ayerza 2018, que se realizar\u00e1 en la Fundaci\u00f3n Arte x Arte,\" \/>\n<meta property=\"og:url\" content=\"https:\/\/smtp224.allytech.com\/~uv030373\/actividades\/inauguracion-premio-ayerza-2018\/\" \/>\n<meta property=\"og:site_name\" content=\"ANBA\" \/>\n<meta property=\"article:publisher\" content=\"https:\/\/www.facebook.com\/anbaweb\" \/>\n<meta property=\"article:published_time\" content=\"2018-11-26T20:26:28+00:00\" \/>\n<meta property=\"og:image\" content=\"https:\/\/smtp224.allytech.com\/~uv030373\/wp-content\/uploads\/2018\/11\/flyer-AYERZA-2018-2-Inauguracion.jpg\" \/>\n\t<meta property=\"og:image:width\" content=\"1098\" \/>\n\t<meta property=\"og:image:height\" content=\"973\" \/>\n\t<meta property=\"og:image:type\" content=\"image\/jpeg\" \/>\n<meta name=\"twitter:card\" content=\"summary_large_image\" \/>\n<meta name=\"twitter:creator\" content=\"@anbaweb\" \/>\n<meta name=\"twitter:site\" content=\"@anbaweb\" \/>\n<meta name=\"twitter:label1\" content=\"Escrito por\" \/>\n\t<meta name=\"twitter:data1\" content=\"Gregorio S\u00e1enz\" \/>\n<script type=\"application\/ld+json\" class=\"yoast-schema-graph\">{\"@context\":\"https:\/\/schema.org\",\"@graph\":[{\"@type\":\"Organization\",\"@id\":\"https:\/\/smtp224.allytech.com\/~uv030373\/#organization\",\"name\":\"ANBA Academia Nacional de Bellas Artes\",\"url\":\"https:\/\/smtp224.allytech.com\/~uv030373\/\",\"sameAs\":[\"https:\/\/www.facebook.com\/anbaweb\",\"https:\/\/twitter.com\/anbaweb\"],\"logo\":{\"@type\":\"ImageObject\",\"@id\":\"https:\/\/smtp224.allytech.com\/~uv030373\/#logo\",\"inLanguage\":\"es\",\"url\":\"https:\/\/smtp224.allytech.com\/~uv030373\/wp-content\/uploads\/2018\/07\/anba-2017-2.jpg\",\"contentUrl\":\"https:\/\/smtp224.allytech.com\/~uv030373\/wp-content\/uploads\/2018\/07\/anba-2017-2.jpg\",\"width\":218,\"height\":271,\"caption\":\"ANBA Academia Nacional de Bellas Artes\"},\"image\":{\"@id\":\"https:\/\/smtp224.allytech.com\/~uv030373\/#logo\"}},{\"@type\":\"WebSite\",\"@id\":\"https:\/\/smtp224.allytech.com\/~uv030373\/#website\",\"url\":\"https:\/\/smtp224.allytech.com\/~uv030373\/\",\"name\":\"ANBA\",\"description\":\"Academia Nacional de Bellas Artes\",\"publisher\":{\"@id\":\"https:\/\/smtp224.allytech.com\/~uv030373\/#organization\"},\"potentialAction\":[{\"@type\":\"SearchAction\",\"target\":{\"@type\":\"EntryPoint\",\"urlTemplate\":\"https:\/\/smtp224.allytech.com\/~uv030373\/?s={search_term_string}\"},\"query-input\":\"required name=search_term_string\"}],\"inLanguage\":\"es\"},{\"@type\":\"ImageObject\",\"@id\":\"https:\/\/smtp224.allytech.com\/~uv030373\/actividades\/inauguracion-premio-ayerza-2018\/#primaryimage\",\"inLanguage\":\"es\",\"url\":\"https:\/\/smtp224.allytech.com\/~uv030373\/wp-content\/uploads\/2018\/11\/flyer-AYERZA-2018-2-Inauguracion.jpg\",\"contentUrl\":\"https:\/\/smtp224.allytech.com\/~uv030373\/wp-content\/uploads\/2018\/11\/flyer-AYERZA-2018-2-Inauguracion.jpg\",\"width\":1098,\"height\":973},{\"@type\":\"WebPage\",\"@id\":\"https:\/\/smtp224.allytech.com\/~uv030373\/actividades\/inauguracion-premio-ayerza-2018\/#webpage\",\"url\":\"https:\/\/smtp224.allytech.com\/~uv030373\/actividades\/inauguracion-premio-ayerza-2018\/\",\"name\":\"Inauguraci\u00f3n Premio Ayerza 2018 - ANBA\",\"isPartOf\":{\"@id\":\"https:\/\/smtp224.allytech.com\/~uv030373\/#website\"},\"primaryImageOfPage\":{\"@id\":\"https:\/\/smtp224.allytech.com\/~uv030373\/actividades\/inauguracion-premio-ayerza-2018\/#primaryimage\"},\"datePublished\":\"2018-11-26T20:26:28+00:00\",\"dateModified\":\"2018-11-26T20:26:28+00:00\",\"description\":\"La Academia Nacional de Bellas Artes invita a la inauguraci\u00f3n del Premio Est\u00edmulo de Fotograf\u00eda Ayerza 2018, que se realizar\u00e1 en la Fundaci\u00f3n Arte x Arte,\",\"breadcrumb\":{\"@id\":\"https:\/\/smtp224.allytech.com\/~uv030373\/actividades\/inauguracion-premio-ayerza-2018\/#breadcrumb\"},\"inLanguage\":\"es\",\"potentialAction\":[{\"@type\":\"ReadAction\",\"target\":[\"https:\/\/smtp224.allytech.com\/~uv030373\/actividades\/inauguracion-premio-ayerza-2018\/\"]}]},{\"@type\":\"BreadcrumbList\",\"@id\":\"https:\/\/smtp224.allytech.com\/~uv030373\/actividades\/inauguracion-premio-ayerza-2018\/#breadcrumb\",\"itemListElement\":[{\"@type\":\"ListItem\",\"position\":1,\"name\":\"Inicio\",\"item\":\"https:\/\/smtp224.allytech.com\/~uv030373\/\"},{\"@type\":\"ListItem\",\"position\":2,\"name\":\"Inauguraci\u00f3n Premio Ayerza 2018\"}]},{\"@type\":\"Article\",\"@id\":\"https:\/\/smtp224.allytech.com\/~uv030373\/actividades\/inauguracion-premio-ayerza-2018\/#article\",\"isPartOf\":{\"@id\":\"https:\/\/smtp224.allytech.com\/~uv030373\/actividades\/inauguracion-premio-ayerza-2018\/#webpage\"},\"author\":{\"@id\":\"https:\/\/smtp224.allytech.com\/~uv030373\/#\/schema\/person\/980438c8bda6e7d0e371fb773095a5e5\"},\"headline\":\"Inauguraci\u00f3n Premio Ayerza 2018\",\"datePublished\":\"2018-11-26T20:26:28+00:00\",\"dateModified\":\"2018-11-26T20:26:28+00:00\",\"mainEntityOfPage\":{\"@id\":\"https:\/\/smtp224.allytech.com\/~uv030373\/actividades\/inauguracion-premio-ayerza-2018\/#webpage\"},\"wordCount\":65,\"publisher\":{\"@id\":\"https:\/\/smtp224.allytech.com\/~uv030373\/#organization\"},\"image\":{\"@id\":\"https:\/\/smtp224.allytech.com\/~uv030373\/actividades\/inauguracion-premio-ayerza-2018\/#primaryimage\"},\"thumbnailUrl\":\"https:\/\/smtp224.allytech.com\/~uv030373\/wp-content\/uploads\/2018\/11\/flyer-AYERZA-2018-2-Inauguracion.jpg\",\"articleSection\":[\"Actividades\"],\"inLanguage\":\"es\"},{\"@type\":\"Person\",\"@id\":\"https:\/\/smtp224.allytech.com\/~uv030373\/#\/schema\/person\/980438c8bda6e7d0e371fb773095a5e5\",\"name\":\"Gregorio S\u00e1enz\",\"image\":{\"@type\":\"ImageObject\",\"@id\":\"https:\/\/smtp224.allytech.com\/~uv030373\/#personlogo\",\"inLanguage\":\"es\",\"url\":\"https:\/\/secure.gravatar.com\/avatar\/8956be72b3524d9ba739f88ec32b0cd0?s=96&d=mm&r=g\",\"contentUrl\":\"https:\/\/secure.gravatar.com\/avatar\/8956be72b3524d9ba739f88ec32b0cd0?s=96&d=mm&r=g\",\"caption\":\"Gregorio S\u00e1enz\"},\"url\":\"https:\/\/smtp224.allytech.com\/~uv030373\/author\/gregorio\/\"}]}<\/script>\n<!-- \/ Yoast SEO plugin. -->","yoast_head_json":{"title":"Inauguraci\u00f3n Premio Ayerza 2018 - ANBA","description":"La Academia Nacional de Bellas Artes invita a la inauguraci\u00f3n del Premio Est\u00edmulo de Fotograf\u00eda Ayerza 2018, que se realizar\u00e1 en la Fundaci\u00f3n Arte x Arte,","robots":{"index":"index","follow":"follow","max-snippet":"max-snippet:-1","max-image-preview":"max-image-preview:large","max-video-preview":"max-video-preview:-1"},"canonical":"https:\/\/smtp224.allytech.com\/~uv030373\/actividades\/inauguracion-premio-ayerza-2018\/","og_locale":"es_ES","og_type":"article","og_title":"Inauguraci\u00f3n Premio Ayerza 2018 - ANBA","og_description":"La Academia Nacional de Bellas Artes invita a la inauguraci\u00f3n del Premio Est\u00edmulo de Fotograf\u00eda Ayerza 2018, que se realizar\u00e1 en la Fundaci\u00f3n Arte x Arte,","og_url":"https:\/\/smtp224.allytech.com\/~uv030373\/actividades\/inauguracion-premio-ayerza-2018\/","og_site_name":"ANBA","article_publisher":"https:\/\/www.facebook.com\/anbaweb","article_published_time":"2018-11-26T20:26:28+00:00","og_image":[{"width":1098,"height":973,"url":"https:\/\/smtp224.allytech.com\/~uv030373\/wp-content\/uploads\/2018\/11\/flyer-AYERZA-2018-2-Inauguracion.jpg","type":"image\/jpeg"}],"twitter_card":"summary_large_image","twitter_creator":"@anbaweb","twitter_site":"@anbaweb","twitter_misc":{"Escrito por":"Gregorio S\u00e1enz"},"schema":{"@context":"https:\/\/schema.org","@graph":[{"@type":"Organization","@id":"https:\/\/smtp224.allytech.com\/~uv030373\/#organization","name":"ANBA Academia Nacional de Bellas Artes","url":"https:\/\/smtp224.allytech.com\/~uv030373\/","sameAs":["https:\/\/www.facebook.com\/anbaweb","https:\/\/twitter.com\/anbaweb"],"logo":{"@type":"ImageObject","@id":"https:\/\/smtp224.allytech.com\/~uv030373\/#logo","inLanguage":"es","url":"https:\/\/smtp224.allytech.com\/~uv030373\/wp-content\/uploads\/2018\/07\/anba-2017-2.jpg","contentUrl":"https:\/\/smtp224.allytech.com\/~uv030373\/wp-content\/uploads\/2018\/07\/anba-2017-2.jpg","width":218,"height":271,"caption":"ANBA Academia Nacional de Bellas Artes"},"image":{"@id":"https:\/\/smtp224.allytech.com\/~uv030373\/#logo"}},{"@type":"WebSite","@id":"https:\/\/smtp224.allytech.com\/~uv030373\/#website","url":"https:\/\/smtp224.allytech.com\/~uv030373\/","name":"ANBA","description":"Academia Nacional de Bellas Artes","publisher":{"@id":"https:\/\/smtp224.allytech.com\/~uv030373\/#organization"},"potentialAction":[{"@type":"SearchAction","target":{"@type":"EntryPoint","urlTemplate":"https:\/\/smtp224.allytech.com\/~uv030373\/?s={search_term_string}"},"query-input":"required name=search_term_string"}],"inLanguage":"es"},{"@type":"ImageObject","@id":"https:\/\/smtp224.allytech.com\/~uv030373\/actividades\/inauguracion-premio-ayerza-2018\/#primaryimage","inLanguage":"es","url":"https:\/\/smtp224.allytech.com\/~uv030373\/wp-content\/uploads\/2018\/11\/flyer-AYERZA-2018-2-Inauguracion.jpg","contentUrl":"https:\/\/smtp224.allytech.com\/~uv030373\/wp-content\/uploads\/2018\/11\/flyer-AYERZA-2018-2-Inauguracion.jpg","width":1098,"height":973},{"@type":"WebPage","@id":"https:\/\/smtp224.allytech.com\/~uv030373\/actividades\/inauguracion-premio-ayerza-2018\/#webpage","url":"https:\/\/smtp224.allytech.com\/~uv030373\/actividades\/inauguracion-premio-ayerza-2018\/","name":"Inauguraci\u00f3n Premio Ayerza 2018 - ANBA","isPartOf":{"@id":"https:\/\/smtp224.allytech.com\/~uv030373\/#website"},"primaryImageOfPage":{"@id":"https:\/\/smtp224.allytech.com\/~uv030373\/actividades\/inauguracion-premio-ayerza-2018\/#primaryimage"},"datePublished":"2018-11-26T20:26:28+00:00","dateModified":"2018-11-26T20:26:28+00:00","description":"La Academia Nacional de Bellas Artes invita a la inauguraci\u00f3n del Premio Est\u00edmulo de Fotograf\u00eda Ayerza 2018, que se realizar\u00e1 en la Fundaci\u00f3n Arte x Arte,","breadcrumb":{"@id":"https:\/\/smtp224.allytech.com\/~uv030373\/actividades\/inauguracion-premio-ayerza-2018\/#breadcrumb"},"inLanguage":"es","potentialAction":[{"@type":"ReadAction","target":["https:\/\/smtp224.allytech.com\/~uv030373\/actividades\/inauguracion-premio-ayerza-2018\/"]}]},{"@type":"BreadcrumbList","@id":"https:\/\/smtp224.allytech.com\/~uv030373\/actividades\/inauguracion-premio-ayerza-2018\/#breadcrumb","itemListElement":[{"@type":"ListItem","position":1,"name":"Inicio","item":"https:\/\/smtp224.allytech.com\/~uv030373\/"},{"@type":"ListItem","position":2,"name":"Inauguraci\u00f3n Premio Ayerza 2018"}]},{"@type":"Article","@id":"https:\/\/smtp224.allytech.com\/~uv030373\/actividades\/inauguracion-premio-ayerza-2018\/#article","isPartOf":{"@id":"https:\/\/smtp224.allytech.com\/~uv030373\/actividades\/inauguracion-premio-ayerza-2018\/#webpage"},"author":{"@id":"https:\/\/smtp224.allytech.com\/~uv030373\/#\/schema\/person\/980438c8bda6e7d0e371fb773095a5e5"},"headline":"Inauguraci\u00f3n Premio Ayerza 2018","datePublished":"2018-11-26T20:26:28+00:00","dateModified":"2018-11-26T20:26:28+00:00","mainEntityOfPage":{"@id":"https:\/\/smtp224.allytech.com\/~uv030373\/actividades\/inauguracion-premio-ayerza-2018\/#webpage"},"wordCount":65,"publisher":{"@id":"https:\/\/smtp224.allytech.com\/~uv030373\/#organization"},"image":{"@id":"https:\/\/smtp224.allytech.com\/~uv030373\/actividades\/inauguracion-premio-ayerza-2018\/#primaryimage"},"thumbnailUrl":"https:\/\/smtp224.allytech.com\/~uv030373\/wp-content\/uploads\/2018\/11\/flyer-AYERZA-2018-2-Inauguracion.jpg","articleSection":["Actividades"],"inLanguage":"es"},{"@type":"Person","@id":"https:\/\/smtp224.allytech.com\/~uv030373\/#\/schema\/person\/980438c8bda6e7d0e371fb773095a5e5","name":"Gregorio S\u00e1enz","image":{"@type":"ImageObject","@id":"https:\/\/smtp224.allytech.com\/~uv030373\/#personlogo","inLanguage":"es","url":"https:\/\/secure.gravatar.com\/avatar\/8956be72b3524d9ba739f88ec32b0cd0?s=96&d=mm&r=g","contentUrl":"https:\/\/secure.gravatar.com\/avatar\/8956be72b3524d9ba739f88ec32b0cd0?s=96&d=mm&r=g","caption":"Gregorio S\u00e1enz"},"url":"https:\/\/smtp224.allytech.com\/~uv030373\/author\/gregorio\/"}]}},"_links":{"self":[{"href":"https:\/\/smtp224.allytech.com\/~uv030373\/wp-json\/wp\/v2\/posts\/2646"}],"collection":[{"href":"https:\/\/smtp224.allytech.com\/~uv030373\/wp-json\/wp\/v2\/posts"}],"about":[{"href":"https:\/\/smtp224.allytech.com\/~uv030373\/wp-json\/wp\/v2\/types\/post"}],"author":[{"embeddable":true,"href":"https:\/\/smtp224.allytech.com\/~uv030373\/wp-json\/wp\/v2\/users\/6"}],"replies":[{"embeddable":true,"href":"https:\/\/smtp224.allytech.com\/~uv030373\/wp-json\/wp\/v2\/comments?post=2646"}],"version-history":[{"count":1,"href":"https:\/\/smtp224.allytech.com\/~uv030373\/wp-json\/wp\/v2\/posts\/2646\/revisions"}],"predecessor-version":[{"id":2649,"href":"https:\/\/smtp224.allytech.com\/~uv030373\/wp-json\/wp\/v2\/posts\/2646\/revisions\/2649"}],"wp:featuredmedia":[{"embeddable":true,"href":"https:\/\/smtp224.allytech.com\/~uv030373\/wp-json\/wp\/v2\/media\/2648"}],"wp:attachment":[{"href":"https:\/\/smtp224.allytech.com\/~uv030373\/wp-json\/wp\/v2\/media?parent=2646"}],"wp:term":[{"taxonomy":"category","embeddable":true,"href":"https:\/\/smtp224.allytech.com\/~uv030373\/wp-json\/wp\/v2\/categories?post=2646"},{"taxonomy":"post_tag","embeddable":true,"href":"https:\/\/smtp224.allytech.com\/~uv030373\/wp-json\/wp\/v2\/tags?post=2646"}],"curies":[{"name":"wp","href":"https:\/\/api.w.org\/{rel}","templated":true}]}}