{"id":2815,"date":"2019-06-24T16:46:31","date_gmt":"2019-06-24T19:46:31","guid":{"rendered":"http:\/\/www.anba.org.ar\/?p=2815"},"modified":"2019-06-24T16:54:49","modified_gmt":"2019-06-24T19:54:49","slug":"homenaje-a-marta-lambertini","status":"publish","type":"post","link":"https:\/\/smtp224.allytech.com\/~uv030373\/actividades\/homenaje-a-marta-lambertini\/","title":{"rendered":"Homenaje a Marta Lambertini"},"content":{"rendered":"<p>La Academia Nacional de Bellas Artes los invita al homenaje a la compositora Marta Lambertini (1937 -2019) con la proyecci\u00f3n de su \u00f3pera \u201cCenicientaaa\u2026!\u201d<\/p>\n<p>Martes 2 de julio 18,30 horas<br \/>\nEntrada libre y gratuita<\/p>\n<h6>Marta Lambertini Estudi\u00f3 composici\u00f3n en la Facultad de Artes y Ciencias Musicales de la UCA con Luis Gianneo, Roberto Caama\u00f1o y Gerardo Gandini. Continu\u00f3 sus estudios mediante una beca otorgada por el CICMAT (Centro de Investigaciones en comunicaci\u00f3n Masiva, Arte y Tecnolog\u00eda), con Gerardo Gandini, Francisco Kr\u00f6pfl, Jos\u00e9 Maranzano y Gabriel Brncic. Ejerci\u00f3 la docencia en diversas instituciones: Universidad Nacional de La Plata, Conservatorio Nacional de M\u00fasica, Escuela de Bellas Artes de Quilmes y Facultad de Artes y Ciencias Musicales de la UCA, de la cual fue Decana y Profesora Titular Ordinaria.<\/h6>\n\r\n\t\t\t\t<div class=\"mr_social_sharing_wrapper\">\r\n\t\t\t\t<!-- Social Sharing Toolkit v2.2 --><span class=\"mr_social_sharing\"><a class=\"mr_social_share_twitter\" href=\"https:\/\/twitter.com\/share?url=https%3A%2F%2Fsmtp224.allytech.com%2F%7Euv030373%2Factividades%2Fhomenaje-a-marta-lambertini%2F&amp;text=Homenaje+a+Marta+Lambertini\" class=\"mr_social_sharing_popup_link\"><img src=\"http:\/\/www.anba.org.ar\/wp-content\/uploads\/2014\/11\/tw.png\" class=\"nopin\" alt=\"Share on Twitter\" title=\"Share on Twitter\"\/><\/a><\/span><span class=\"mr_social_sharing\"><a class=\"mr_social_share_googleplus\" href=\"\/\/plusone.google.com\/_\/+1\/confirm?hl=en&amp;url=https%3A%2F%2Fsmtp224.allytech.com%2F%7Euv030373%2Factividades%2Fhomenaje-a-marta-lambertini%2F&amp;title=Homenaje+a+Marta+Lambertini\" class=\"mr_social_sharing_popup_link\"><img src=\"http:\/\/www.anba.org.ar\/wp-content\/uploads\/2014\/11\/googlep.png\" class=\"nopin\" alt=\"+1\" title=\"+1\"\/><\/a><\/span><span class=\"mr_social_sharing\"><a class=\"mr_social_share_facebook\" href=\"\/\/www.facebook.com\/sharer\/sharer.php?u=https%3A%2F%2Fsmtp224.allytech.com%2F%7Euv030373%2Factividades%2Fhomenaje-a-marta-lambertini%2F&amp;t=Homenaje+a+Marta+Lambertini\" class=\"mr_social_sharing_popup_link\"><img src=\"http:\/\/www.anba.org.ar\/wp-content\/uploads\/2014\/11\/face.png\" class=\"nopin\" alt=\"Share on Facebook\" title=\"Share on Facebook\"\/><\/a><\/span><span class=\"mr_social_sharing\"><span style=\"display: inline-block; width: 51px; height: 21px; overflow: hidden;\"><div class=\"fb-like\" data-href=\"https:\/\/smtp224.allytech.com\/~uv030373\/actividades\/homenaje-a-marta-lambertini\/\" data-send=\"false\" data-width=\"51\" data-show-faces=\"false\"><\/div><\/span><\/span><span class=\"mr_social_sharing\"><a rel=\"nofollow\" class=\"linksalpha_button linksalpha_link\" href=\"\/\/www.linksalpha.com\/social\/mobile\" data-url=\"https:\/\/smtp224.allytech.com\/~uv030373\/actividades\/homenaje-a-marta-lambertini\/\" data-text=\"Homenaje a Marta Lambertini\" data-desc=\"La Academia Nacional de Bellas Artes los invita al homenaje a la compositora Marta Lambertini (1937 -2019) con la proyecci\u00f3n de su \u00f3pera \u201cCenicientaaa\u2026!\u201d Martes 2 de julio 18,30 horas Entrada libre y gratuita Marta Lambertini Estudi\u00f3 composici\u00f3n en la Facultad de Artes y Ciencias Musicales\" data-image=\"https:\/\/smtp224.allytech.com\/~uv030373\/wp-content\/uploads\/2019\/06\/Flyer-Lambertini-ROTADOR-300x300.jpg\" data-button=\"icon_small\">\r\n\t\t\t\t\t<img src=\"\/\/www.linksalpha.com\/images\/social_share_icon_small.png\" alt=\"Share\" class=\"linksalpha_image\" \/>\r\n\t\t\t\t\t<\/a><script type=\"text\/javascript\" src=\"\/\/www.linksalpha.com\/scripts\/loader_iconbox.js?v=2.4\"><\/script><\/span><\/div>","protected":false},"excerpt":{"rendered":"<p>La Academia Nacional de Bellas Artes los invita al homenaje a la compositora Marta Lambertini (1937 -2019) con la proyecci\u00f3n de su \u00f3pera \u201cCenicientaaa\u2026!\u201d Martes 2 de julio 18,30 horas Entrada libre y gratuita Marta Lambertini Estudi\u00f3 composici\u00f3n en la Facultad de Artes y Ciencias Musicales de la UCA con Luis Gianneo, Roberto Caama\u00f1o y [&hellip;]<\/p>\n\r\n\t\t\t\t<div class=\"mr_social_sharing_wrapper\">\r\n\t\t\t\t<!-- Social Sharing Toolkit v2.2 --><span class=\"mr_social_sharing\"><a class=\"mr_social_share_twitter\" href=\"https:\/\/twitter.com\/share?url=https%3A%2F%2Fsmtp224.allytech.com%2F%7Euv030373%2Factividades%2Fhomenaje-a-marta-lambertini%2F&amp;text=Homenaje+a+Marta+Lambertini\" class=\"mr_social_sharing_popup_link\"><img src=\"http:\/\/www.anba.org.ar\/wp-content\/uploads\/2014\/11\/tw.png\" class=\"nopin\" alt=\"Share on Twitter\" title=\"Share on Twitter\"\/><\/a><\/span><span class=\"mr_social_sharing\"><a class=\"mr_social_share_googleplus\" href=\"\/\/plusone.google.com\/_\/+1\/confirm?hl=en&amp;url=https%3A%2F%2Fsmtp224.allytech.com%2F%7Euv030373%2Factividades%2Fhomenaje-a-marta-lambertini%2F&amp;title=Homenaje+a+Marta+Lambertini\" class=\"mr_social_sharing_popup_link\"><img src=\"http:\/\/www.anba.org.ar\/wp-content\/uploads\/2014\/11\/googlep.png\" class=\"nopin\" alt=\"+1\" title=\"+1\"\/><\/a><\/span><span class=\"mr_social_sharing\"><a class=\"mr_social_share_facebook\" href=\"\/\/www.facebook.com\/sharer\/sharer.php?u=https%3A%2F%2Fsmtp224.allytech.com%2F%7Euv030373%2Factividades%2Fhomenaje-a-marta-lambertini%2F&amp;t=Homenaje+a+Marta+Lambertini\" class=\"mr_social_sharing_popup_link\"><img src=\"http:\/\/www.anba.org.ar\/wp-content\/uploads\/2014\/11\/face.png\" class=\"nopin\" alt=\"Share on Facebook\" title=\"Share on Facebook\"\/><\/a><\/span><span class=\"mr_social_sharing\"><span style=\"display: inline-block; width: 51px; height: 21px; overflow: hidden;\"><div class=\"fb-like\" data-href=\"https:\/\/smtp224.allytech.com\/~uv030373\/actividades\/homenaje-a-marta-lambertini\/\" data-send=\"false\" data-width=\"51\" data-show-faces=\"false\"><\/div><\/span><\/span><span class=\"mr_social_sharing\"><a rel=\"nofollow\" class=\"linksalpha_button linksalpha_link\" href=\"\/\/www.linksalpha.com\/social\/mobile\" data-url=\"https:\/\/smtp224.allytech.com\/~uv030373\/actividades\/homenaje-a-marta-lambertini\/\" data-text=\"Homenaje a Marta Lambertini\" data-desc=\"La Academia Nacional de Bellas Artes los invita al homenaje a la compositora Marta Lambertini (1937 -2019) con la proyecci\u00f3n de su \u00f3pera \u201cCenicientaaa\u2026!\u201d Martes 2 de julio 18,30 horas Entrada libre y gratuita Marta Lambertini Estudi\u00f3 composici\u00f3n en la Facultad de Artes y Ciencias Musicales\" data-image=\"https:\/\/smtp224.allytech.com\/~uv030373\/wp-content\/uploads\/2019\/06\/Flyer-Lambertini-ROTADOR-300x300.jpg\" data-button=\"icon_small\">\r\n\t\t\t\t\t<img src=\"\/\/www.linksalpha.com\/images\/social_share_icon_small.png\" alt=\"Share\" class=\"linksalpha_image\" \/>\r\n\t\t\t\t\t<\/a><script type=\"text\/javascript\" src=\"\/\/www.linksalpha.com\/scripts\/loader_iconbox.js?v=2.4\"><\/script><\/span><\/div>","protected":false},"author":6,"featured_media":2814,"comment_status":"closed","ping_status":"closed","sticky":false,"template":"","format":"standard","meta":[],"categories":[3,1],"tags":[108,117,70,118],"acf":[],"yoast_head":"<!-- This site is optimized with the Yoast SEO plugin v18.1 - https:\/\/yoast.com\/wordpress\/plugins\/seo\/ -->\n<title>Homenaje a Marta Lambertini - ANBA<\/title>\n<meta name=\"description\" content=\"La Academia Nacional de Bellas Artes los invita al homenaje a la compositora Marta Lambertini (1937 -2019) con la proyecci\u00f3n de su \u00f3pera \u201cCenicientaaa\u2026!\u201d\" \/>\n<meta name=\"robots\" content=\"index, follow, max-snippet:-1, max-image-preview:large, max-video-preview:-1\" \/>\n<link rel=\"canonical\" href=\"https:\/\/smtp224.allytech.com\/~uv030373\/actividades\/homenaje-a-marta-lambertini\/\" \/>\n<meta property=\"og:locale\" content=\"es_ES\" \/>\n<meta property=\"og:type\" content=\"article\" \/>\n<meta property=\"og:title\" content=\"Homenaje a Marta Lambertini - ANBA\" \/>\n<meta property=\"og:description\" content=\"La Academia Nacional de Bellas Artes los invita al homenaje a la compositora Marta Lambertini (1937 -2019) con la proyecci\u00f3n de su \u00f3pera \u201cCenicientaaa\u2026!\u201d\" \/>\n<meta property=\"og:url\" content=\"https:\/\/smtp224.allytech.com\/~uv030373\/actividades\/homenaje-a-marta-lambertini\/\" \/>\n<meta property=\"og:site_name\" content=\"ANBA\" \/>\n<meta property=\"article:publisher\" content=\"https:\/\/www.facebook.com\/anbaweb\" \/>\n<meta property=\"article:published_time\" content=\"2019-06-24T19:46:31+00:00\" \/>\n<meta property=\"article:modified_time\" content=\"2019-06-24T19:54:49+00:00\" \/>\n<meta property=\"og:image\" content=\"https:\/\/smtp224.allytech.com\/~uv030373\/wp-content\/uploads\/2019\/06\/Flyer-Lambertini-ROTADOR.jpg\" \/>\n\t<meta property=\"og:image:width\" content=\"1000\" \/>\n\t<meta property=\"og:image:height\" content=\"783\" \/>\n\t<meta property=\"og:image:type\" content=\"image\/jpeg\" \/>\n<meta name=\"twitter:card\" content=\"summary_large_image\" \/>\n<meta name=\"twitter:creator\" content=\"@anbaweb\" \/>\n<meta name=\"twitter:site\" content=\"@anbaweb\" \/>\n<meta name=\"twitter:label1\" content=\"Escrito por\" \/>\n\t<meta name=\"twitter:data1\" content=\"Gregorio S\u00e1enz\" \/>\n\t<meta name=\"twitter:label2\" content=\"Tiempo de lectura\" \/>\n\t<meta name=\"twitter:data2\" content=\"1 minuto\" \/>\n<script type=\"application\/ld+json\" class=\"yoast-schema-graph\">{\"@context\":\"https:\/\/schema.org\",\"@graph\":[{\"@type\":\"Organization\",\"@id\":\"https:\/\/smtp224.allytech.com\/~uv030373\/#organization\",\"name\":\"ANBA Academia Nacional de Bellas Artes\",\"url\":\"https:\/\/smtp224.allytech.com\/~uv030373\/\",\"sameAs\":[\"https:\/\/www.facebook.com\/anbaweb\",\"https:\/\/twitter.com\/anbaweb\"],\"logo\":{\"@type\":\"ImageObject\",\"@id\":\"https:\/\/smtp224.allytech.com\/~uv030373\/#logo\",\"inLanguage\":\"es\",\"url\":\"https:\/\/smtp224.allytech.com\/~uv030373\/wp-content\/uploads\/2018\/07\/anba-2017-2.jpg\",\"contentUrl\":\"https:\/\/smtp224.allytech.com\/~uv030373\/wp-content\/uploads\/2018\/07\/anba-2017-2.jpg\",\"width\":218,\"height\":271,\"caption\":\"ANBA Academia Nacional de Bellas Artes\"},\"image\":{\"@id\":\"https:\/\/smtp224.allytech.com\/~uv030373\/#logo\"}},{\"@type\":\"WebSite\",\"@id\":\"https:\/\/smtp224.allytech.com\/~uv030373\/#website\",\"url\":\"https:\/\/smtp224.allytech.com\/~uv030373\/\",\"name\":\"ANBA\",\"description\":\"Academia Nacional de Bellas Artes\",\"publisher\":{\"@id\":\"https:\/\/smtp224.allytech.com\/~uv030373\/#organization\"},\"potentialAction\":[{\"@type\":\"SearchAction\",\"target\":{\"@type\":\"EntryPoint\",\"urlTemplate\":\"https:\/\/smtp224.allytech.com\/~uv030373\/?s={search_term_string}\"},\"query-input\":\"required name=search_term_string\"}],\"inLanguage\":\"es\"},{\"@type\":\"ImageObject\",\"@id\":\"https:\/\/smtp224.allytech.com\/~uv030373\/actividades\/homenaje-a-marta-lambertini\/#primaryimage\",\"inLanguage\":\"es\",\"url\":\"https:\/\/smtp224.allytech.com\/~uv030373\/wp-content\/uploads\/2019\/06\/Flyer-Lambertini-ROTADOR.jpg\",\"contentUrl\":\"https:\/\/smtp224.allytech.com\/~uv030373\/wp-content\/uploads\/2019\/06\/Flyer-Lambertini-ROTADOR.jpg\",\"width\":1000,\"height\":783},{\"@type\":\"WebPage\",\"@id\":\"https:\/\/smtp224.allytech.com\/~uv030373\/actividades\/homenaje-a-marta-lambertini\/#webpage\",\"url\":\"https:\/\/smtp224.allytech.com\/~uv030373\/actividades\/homenaje-a-marta-lambertini\/\",\"name\":\"Homenaje a Marta Lambertini - ANBA\",\"isPartOf\":{\"@id\":\"https:\/\/smtp224.allytech.com\/~uv030373\/#website\"},\"primaryImageOfPage\":{\"@id\":\"https:\/\/smtp224.allytech.com\/~uv030373\/actividades\/homenaje-a-marta-lambertini\/#primaryimage\"},\"datePublished\":\"2019-06-24T19:46:31+00:00\",\"dateModified\":\"2019-06-24T19:54:49+00:00\",\"description\":\"La Academia Nacional de Bellas Artes los invita al homenaje a la compositora Marta Lambertini (1937 -2019) con la proyecci\u00f3n de su \u00f3pera \u201cCenicientaaa\u2026!\u201d\",\"breadcrumb\":{\"@id\":\"https:\/\/smtp224.allytech.com\/~uv030373\/actividades\/homenaje-a-marta-lambertini\/#breadcrumb\"},\"inLanguage\":\"es\",\"potentialAction\":[{\"@type\":\"ReadAction\",\"target\":[\"https:\/\/smtp224.allytech.com\/~uv030373\/actividades\/homenaje-a-marta-lambertini\/\"]}]},{\"@type\":\"BreadcrumbList\",\"@id\":\"https:\/\/smtp224.allytech.com\/~uv030373\/actividades\/homenaje-a-marta-lambertini\/#breadcrumb\",\"itemListElement\":[{\"@type\":\"ListItem\",\"position\":1,\"name\":\"Inicio\",\"item\":\"https:\/\/smtp224.allytech.com\/~uv030373\/\"},{\"@type\":\"ListItem\",\"position\":2,\"name\":\"Homenaje a Marta Lambertini\"}]},{\"@type\":\"Article\",\"@id\":\"https:\/\/smtp224.allytech.com\/~uv030373\/actividades\/homenaje-a-marta-lambertini\/#article\",\"isPartOf\":{\"@id\":\"https:\/\/smtp224.allytech.com\/~uv030373\/actividades\/homenaje-a-marta-lambertini\/#webpage\"},\"author\":{\"@id\":\"https:\/\/smtp224.allytech.com\/~uv030373\/#\/schema\/person\/980438c8bda6e7d0e371fb773095a5e5\"},\"headline\":\"Homenaje a Marta Lambertini\",\"datePublished\":\"2019-06-24T19:46:31+00:00\",\"dateModified\":\"2019-06-24T19:54:49+00:00\",\"mainEntityOfPage\":{\"@id\":\"https:\/\/smtp224.allytech.com\/~uv030373\/actividades\/homenaje-a-marta-lambertini\/#webpage\"},\"wordCount\":134,\"publisher\":{\"@id\":\"https:\/\/smtp224.allytech.com\/~uv030373\/#organization\"},\"image\":{\"@id\":\"https:\/\/smtp224.allytech.com\/~uv030373\/actividades\/homenaje-a-marta-lambertini\/#primaryimage\"},\"thumbnailUrl\":\"https:\/\/smtp224.allytech.com\/~uv030373\/wp-content\/uploads\/2019\/06\/Flyer-Lambertini-ROTADOR.jpg\",\"keywords\":[\"acad\u00e9micos\",\"Homenaje\",\"m\u00fasica\",\"\u00f3pera\"],\"articleSection\":[\"Actividades\",\"Noticias\"],\"inLanguage\":\"es\"},{\"@type\":\"Person\",\"@id\":\"https:\/\/smtp224.allytech.com\/~uv030373\/#\/schema\/person\/980438c8bda6e7d0e371fb773095a5e5\",\"name\":\"Gregorio S\u00e1enz\",\"image\":{\"@type\":\"ImageObject\",\"@id\":\"https:\/\/smtp224.allytech.com\/~uv030373\/#personlogo\",\"inLanguage\":\"es\",\"url\":\"https:\/\/secure.gravatar.com\/avatar\/8956be72b3524d9ba739f88ec32b0cd0?s=96&d=mm&r=g\",\"contentUrl\":\"https:\/\/secure.gravatar.com\/avatar\/8956be72b3524d9ba739f88ec32b0cd0?s=96&d=mm&r=g\",\"caption\":\"Gregorio S\u00e1enz\"},\"url\":\"https:\/\/smtp224.allytech.com\/~uv030373\/author\/gregorio\/\"}]}<\/script>\n<!-- \/ Yoast SEO plugin. -->","yoast_head_json":{"title":"Homenaje a Marta Lambertini - ANBA","description":"La Academia Nacional de Bellas Artes los invita al homenaje a la compositora Marta Lambertini (1937 -2019) con la proyecci\u00f3n de su \u00f3pera \u201cCenicientaaa\u2026!\u201d","robots":{"index":"index","follow":"follow","max-snippet":"max-snippet:-1","max-image-preview":"max-image-preview:large","max-video-preview":"max-video-preview:-1"},"canonical":"https:\/\/smtp224.allytech.com\/~uv030373\/actividades\/homenaje-a-marta-lambertini\/","og_locale":"es_ES","og_type":"article","og_title":"Homenaje a Marta Lambertini - ANBA","og_description":"La Academia Nacional de Bellas Artes los invita al homenaje a la compositora Marta Lambertini (1937 -2019) con la proyecci\u00f3n de su \u00f3pera \u201cCenicientaaa\u2026!\u201d","og_url":"https:\/\/smtp224.allytech.com\/~uv030373\/actividades\/homenaje-a-marta-lambertini\/","og_site_name":"ANBA","article_publisher":"https:\/\/www.facebook.com\/anbaweb","article_published_time":"2019-06-24T19:46:31+00:00","article_modified_time":"2019-06-24T19:54:49+00:00","og_image":[{"width":1000,"height":783,"url":"https:\/\/smtp224.allytech.com\/~uv030373\/wp-content\/uploads\/2019\/06\/Flyer-Lambertini-ROTADOR.jpg","type":"image\/jpeg"}],"twitter_card":"summary_large_image","twitter_creator":"@anbaweb","twitter_site":"@anbaweb","twitter_misc":{"Escrito por":"Gregorio S\u00e1enz","Tiempo de lectura":"1 minuto"},"schema":{"@context":"https:\/\/schema.org","@graph":[{"@type":"Organization","@id":"https:\/\/smtp224.allytech.com\/~uv030373\/#organization","name":"ANBA Academia Nacional de Bellas Artes","url":"https:\/\/smtp224.allytech.com\/~uv030373\/","sameAs":["https:\/\/www.facebook.com\/anbaweb","https:\/\/twitter.com\/anbaweb"],"logo":{"@type":"ImageObject","@id":"https:\/\/smtp224.allytech.com\/~uv030373\/#logo","inLanguage":"es","url":"https:\/\/smtp224.allytech.com\/~uv030373\/wp-content\/uploads\/2018\/07\/anba-2017-2.jpg","contentUrl":"https:\/\/smtp224.allytech.com\/~uv030373\/wp-content\/uploads\/2018\/07\/anba-2017-2.jpg","width":218,"height":271,"caption":"ANBA Academia Nacional de Bellas Artes"},"image":{"@id":"https:\/\/smtp224.allytech.com\/~uv030373\/#logo"}},{"@type":"WebSite","@id":"https:\/\/smtp224.allytech.com\/~uv030373\/#website","url":"https:\/\/smtp224.allytech.com\/~uv030373\/","name":"ANBA","description":"Academia Nacional de Bellas Artes","publisher":{"@id":"https:\/\/smtp224.allytech.com\/~uv030373\/#organization"},"potentialAction":[{"@type":"SearchAction","target":{"@type":"EntryPoint","urlTemplate":"https:\/\/smtp224.allytech.com\/~uv030373\/?s={search_term_string}"},"query-input":"required name=search_term_string"}],"inLanguage":"es"},{"@type":"ImageObject","@id":"https:\/\/smtp224.allytech.com\/~uv030373\/actividades\/homenaje-a-marta-lambertini\/#primaryimage","inLanguage":"es","url":"https:\/\/smtp224.allytech.com\/~uv030373\/wp-content\/uploads\/2019\/06\/Flyer-Lambertini-ROTADOR.jpg","contentUrl":"https:\/\/smtp224.allytech.com\/~uv030373\/wp-content\/uploads\/2019\/06\/Flyer-Lambertini-ROTADOR.jpg","width":1000,"height":783},{"@type":"WebPage","@id":"https:\/\/smtp224.allytech.com\/~uv030373\/actividades\/homenaje-a-marta-lambertini\/#webpage","url":"https:\/\/smtp224.allytech.com\/~uv030373\/actividades\/homenaje-a-marta-lambertini\/","name":"Homenaje a Marta Lambertini - ANBA","isPartOf":{"@id":"https:\/\/smtp224.allytech.com\/~uv030373\/#website"},"primaryImageOfPage":{"@id":"https:\/\/smtp224.allytech.com\/~uv030373\/actividades\/homenaje-a-marta-lambertini\/#primaryimage"},"datePublished":"2019-06-24T19:46:31+00:00","dateModified":"2019-06-24T19:54:49+00:00","description":"La Academia Nacional de Bellas Artes los invita al homenaje a la compositora Marta Lambertini (1937 -2019) con la proyecci\u00f3n de su \u00f3pera \u201cCenicientaaa\u2026!\u201d","breadcrumb":{"@id":"https:\/\/smtp224.allytech.com\/~uv030373\/actividades\/homenaje-a-marta-lambertini\/#breadcrumb"},"inLanguage":"es","potentialAction":[{"@type":"ReadAction","target":["https:\/\/smtp224.allytech.com\/~uv030373\/actividades\/homenaje-a-marta-lambertini\/"]}]},{"@type":"BreadcrumbList","@id":"https:\/\/smtp224.allytech.com\/~uv030373\/actividades\/homenaje-a-marta-lambertini\/#breadcrumb","itemListElement":[{"@type":"ListItem","position":1,"name":"Inicio","item":"https:\/\/smtp224.allytech.com\/~uv030373\/"},{"@type":"ListItem","position":2,"name":"Homenaje a Marta Lambertini"}]},{"@type":"Article","@id":"https:\/\/smtp224.allytech.com\/~uv030373\/actividades\/homenaje-a-marta-lambertini\/#article","isPartOf":{"@id":"https:\/\/smtp224.allytech.com\/~uv030373\/actividades\/homenaje-a-marta-lambertini\/#webpage"},"author":{"@id":"https:\/\/smtp224.allytech.com\/~uv030373\/#\/schema\/person\/980438c8bda6e7d0e371fb773095a5e5"},"headline":"Homenaje a Marta Lambertini","datePublished":"2019-06-24T19:46:31+00:00","dateModified":"2019-06-24T19:54:49+00:00","mainEntityOfPage":{"@id":"https:\/\/smtp224.allytech.com\/~uv030373\/actividades\/homenaje-a-marta-lambertini\/#webpage"},"wordCount":134,"publisher":{"@id":"https:\/\/smtp224.allytech.com\/~uv030373\/#organization"},"image":{"@id":"https:\/\/smtp224.allytech.com\/~uv030373\/actividades\/homenaje-a-marta-lambertini\/#primaryimage"},"thumbnailUrl":"https:\/\/smtp224.allytech.com\/~uv030373\/wp-content\/uploads\/2019\/06\/Flyer-Lambertini-ROTADOR.jpg","keywords":["acad\u00e9micos","Homenaje","m\u00fasica","\u00f3pera"],"articleSection":["Actividades","Noticias"],"inLanguage":"es"},{"@type":"Person","@id":"https:\/\/smtp224.allytech.com\/~uv030373\/#\/schema\/person\/980438c8bda6e7d0e371fb773095a5e5","name":"Gregorio S\u00e1enz","image":{"@type":"ImageObject","@id":"https:\/\/smtp224.allytech.com\/~uv030373\/#personlogo","inLanguage":"es","url":"https:\/\/secure.gravatar.com\/avatar\/8956be72b3524d9ba739f88ec32b0cd0?s=96&d=mm&r=g","contentUrl":"https:\/\/secure.gravatar.com\/avatar\/8956be72b3524d9ba739f88ec32b0cd0?s=96&d=mm&r=g","caption":"Gregorio S\u00e1enz"},"url":"https:\/\/smtp224.allytech.com\/~uv030373\/author\/gregorio\/"}]}},"_links":{"self":[{"href":"https:\/\/smtp224.allytech.com\/~uv030373\/wp-json\/wp\/v2\/posts\/2815"}],"collection":[{"href":"https:\/\/smtp224.allytech.com\/~uv030373\/wp-json\/wp\/v2\/posts"}],"about":[{"href":"https:\/\/smtp224.allytech.com\/~uv030373\/wp-json\/wp\/v2\/types\/post"}],"author":[{"embeddable":true,"href":"https:\/\/smtp224.allytech.com\/~uv030373\/wp-json\/wp\/v2\/users\/6"}],"replies":[{"embeddable":true,"href":"https:\/\/smtp224.allytech.com\/~uv030373\/wp-json\/wp\/v2\/comments?post=2815"}],"version-history":[{"count":4,"href":"https:\/\/smtp224.allytech.com\/~uv030373\/wp-json\/wp\/v2\/posts\/2815\/revisions"}],"predecessor-version":[{"id":2819,"href":"https:\/\/smtp224.allytech.com\/~uv030373\/wp-json\/wp\/v2\/posts\/2815\/revisions\/2819"}],"wp:featuredmedia":[{"embeddable":true,"href":"https:\/\/smtp224.allytech.com\/~uv030373\/wp-json\/wp\/v2\/media\/2814"}],"wp:attachment":[{"href":"https:\/\/smtp224.allytech.com\/~uv030373\/wp-json\/wp\/v2\/media?parent=2815"}],"wp:term":[{"taxonomy":"category","embeddable":true,"href":"https:\/\/smtp224.allytech.com\/~uv030373\/wp-json\/wp\/v2\/categories?post=2815"},{"taxonomy":"post_tag","embeddable":true,"href":"https:\/\/smtp224.allytech.com\/~uv030373\/wp-json\/wp\/v2\/tags?post=2815"}],"curies":[{"name":"wp","href":"https:\/\/api.w.org\/{rel}","templated":true}]}}