{"id":2860,"date":"2019-08-09T17:15:34","date_gmt":"2019-08-09T20:15:34","guid":{"rendered":"http:\/\/www.anba.org.ar\/?p=2860"},"modified":"2019-08-09T17:34:07","modified_gmt":"2019-08-09T20:34:07","slug":"homenaje-a-pio-collivadino","status":"publish","type":"post","link":"https:\/\/smtp224.allytech.com\/~uv030373\/actividades\/homenaje-a-pio-collivadino\/","title":{"rendered":"Homenaje a P\u00edo Collivadino"},"content":{"rendered":"<h1>Homenaje a P\u00edo Collivadino<\/h1>\n<h2>a 150 a\u00f1os de su nacimiento<\/h2>\n<p>&nbsp;<\/p>\n<p>La Academia Nacional de Bellas Artes los invita al Homenaje al artista Pio Collivadino, Acad\u00e9mico de N\u00famero desde la fecha de creaci\u00f3n de la ANBA.<\/p>\n<p>La conferencia estar\u00e1 a cargo de Mar\u00eda Isabel Baldasarre, Mariana Buscaglia y Laura Malosetti Costa.<\/p>\n<p><strong>Mar\u00eda Isabel Baldasarre<\/strong><br \/>\n<em>Doctora en Teor\u00eda e Historia del Arte por la UBA. Investigadora Independiente del CONICET. Profesora regular y Secretaria de Extensi\u00f3n del Instituto de Altos Estudios, Universidad Nacional de San Mart\u00edn.<\/em><\/p>\n<p><strong>Mariana Beatriz Buscaglia<\/strong><br \/>\n<em>Magister en Conservaci\u00f3n-Restauraci\u00f3n de Bienes Culturales, Tarea-IIPC, UNSAM. Conservadora-Restauradora en la Fundaci\u00f3n de arte moderno y contempor\u00e1neo Federico Jorge Klemm. Restauradora en pr\u00e1ctica privada.<\/em><\/p>\n<p><strong>Laura Malosetti Costa<\/strong><br \/>\n<em>Doctora en Historia del Arte. Investigadora del CONICET, Profesora de posgrado en la UNSAM y de grado en la Universidad de Buenos Aires. Decana del Instituto de las Artes Mauricio Kagel, UNSAM. Acad\u00e9mica de N\u00famero.<\/em><\/p>\n\r\n\t\t\t\t<div class=\"mr_social_sharing_wrapper\">\r\n\t\t\t\t<!-- Social Sharing Toolkit v2.2 --><span class=\"mr_social_sharing\"><a class=\"mr_social_share_twitter\" href=\"https:\/\/twitter.com\/share?url=https%3A%2F%2Fsmtp224.allytech.com%2F%7Euv030373%2Factividades%2Fhomenaje-a-pio-collivadino%2F&amp;text=Homenaje+a+P%C3%ADo+Collivadino\" class=\"mr_social_sharing_popup_link\"><img src=\"http:\/\/www.anba.org.ar\/wp-content\/uploads\/2014\/11\/tw.png\" class=\"nopin\" alt=\"Share on Twitter\" title=\"Share on Twitter\"\/><\/a><\/span><span class=\"mr_social_sharing\"><a class=\"mr_social_share_googleplus\" href=\"\/\/plusone.google.com\/_\/+1\/confirm?hl=en&amp;url=https%3A%2F%2Fsmtp224.allytech.com%2F%7Euv030373%2Factividades%2Fhomenaje-a-pio-collivadino%2F&amp;title=Homenaje+a+P%C3%ADo+Collivadino\" class=\"mr_social_sharing_popup_link\"><img src=\"http:\/\/www.anba.org.ar\/wp-content\/uploads\/2014\/11\/googlep.png\" class=\"nopin\" alt=\"+1\" title=\"+1\"\/><\/a><\/span><span class=\"mr_social_sharing\"><a class=\"mr_social_share_facebook\" href=\"\/\/www.facebook.com\/sharer\/sharer.php?u=https%3A%2F%2Fsmtp224.allytech.com%2F%7Euv030373%2Factividades%2Fhomenaje-a-pio-collivadino%2F&amp;t=Homenaje+a+P%C3%ADo+Collivadino\" class=\"mr_social_sharing_popup_link\"><img src=\"http:\/\/www.anba.org.ar\/wp-content\/uploads\/2014\/11\/face.png\" class=\"nopin\" alt=\"Share on Facebook\" title=\"Share on Facebook\"\/><\/a><\/span><span class=\"mr_social_sharing\"><span style=\"display: inline-block; width: 51px; height: 21px; overflow: hidden;\"><div class=\"fb-like\" data-href=\"https:\/\/smtp224.allytech.com\/~uv030373\/actividades\/homenaje-a-pio-collivadino\/\" data-send=\"false\" data-width=\"51\" data-show-faces=\"false\"><\/div><\/span><\/span><span class=\"mr_social_sharing\"><a rel=\"nofollow\" class=\"linksalpha_button linksalpha_link\" href=\"\/\/www.linksalpha.com\/social\/mobile\" data-url=\"https:\/\/smtp224.allytech.com\/~uv030373\/actividades\/homenaje-a-pio-collivadino\/\" data-text=\"Homenaje a P\u00edo Collivadino\" data-desc=\"Homenaje a P\u00edo Collivadino a 150 a\u00f1os de su nacimiento \u00a0 La Academia Nacional de Bellas Artes los invita al Homenaje al artista Pio Collivadino, Acad\u00e9mico de N\u00famero desde la fecha de creaci\u00f3n de la ANBA. La conferencia estar\u00e1 a cargo de Mar\u00eda Isabel Baldasarre, Mariana Buscaglia y Laura\" data-image=\"https:\/\/smtp224.allytech.com\/~uv030373\/wp-content\/uploads\/2019\/08\/Flyer-Collivadino-300x300.jpg\" data-button=\"icon_small\">\r\n\t\t\t\t\t<img src=\"\/\/www.linksalpha.com\/images\/social_share_icon_small.png\" alt=\"Share\" class=\"linksalpha_image\" \/>\r\n\t\t\t\t\t<\/a><script type=\"text\/javascript\" src=\"\/\/www.linksalpha.com\/scripts\/loader_iconbox.js?v=2.4\"><\/script><\/span><\/div>","protected":false},"excerpt":{"rendered":"<p>Homenaje a P\u00edo Collivadino a 150 a\u00f1os de su nacimiento &nbsp; La Academia Nacional de Bellas Artes los invita al Homenaje al artista Pio Collivadino, Acad\u00e9mico de N\u00famero desde la fecha de creaci\u00f3n de la ANBA. La conferencia estar\u00e1 a cargo de Mar\u00eda Isabel Baldasarre, Mariana Buscaglia y Laura Malosetti Costa. Mar\u00eda Isabel Baldasarre Doctora [&hellip;]<\/p>\n\r\n\t\t\t\t<div class=\"mr_social_sharing_wrapper\">\r\n\t\t\t\t<!-- Social Sharing Toolkit v2.2 --><span class=\"mr_social_sharing\"><a class=\"mr_social_share_twitter\" href=\"https:\/\/twitter.com\/share?url=https%3A%2F%2Fsmtp224.allytech.com%2F%7Euv030373%2Factividades%2Fhomenaje-a-pio-collivadino%2F&amp;text=Homenaje+a+P%C3%ADo+Collivadino\" class=\"mr_social_sharing_popup_link\"><img src=\"http:\/\/www.anba.org.ar\/wp-content\/uploads\/2014\/11\/tw.png\" class=\"nopin\" alt=\"Share on Twitter\" title=\"Share on Twitter\"\/><\/a><\/span><span class=\"mr_social_sharing\"><a class=\"mr_social_share_googleplus\" href=\"\/\/plusone.google.com\/_\/+1\/confirm?hl=en&amp;url=https%3A%2F%2Fsmtp224.allytech.com%2F%7Euv030373%2Factividades%2Fhomenaje-a-pio-collivadino%2F&amp;title=Homenaje+a+P%C3%ADo+Collivadino\" class=\"mr_social_sharing_popup_link\"><img src=\"http:\/\/www.anba.org.ar\/wp-content\/uploads\/2014\/11\/googlep.png\" class=\"nopin\" alt=\"+1\" title=\"+1\"\/><\/a><\/span><span class=\"mr_social_sharing\"><a class=\"mr_social_share_facebook\" href=\"\/\/www.facebook.com\/sharer\/sharer.php?u=https%3A%2F%2Fsmtp224.allytech.com%2F%7Euv030373%2Factividades%2Fhomenaje-a-pio-collivadino%2F&amp;t=Homenaje+a+P%C3%ADo+Collivadino\" class=\"mr_social_sharing_popup_link\"><img src=\"http:\/\/www.anba.org.ar\/wp-content\/uploads\/2014\/11\/face.png\" class=\"nopin\" alt=\"Share on Facebook\" title=\"Share on Facebook\"\/><\/a><\/span><span class=\"mr_social_sharing\"><span style=\"display: inline-block; width: 51px; height: 21px; overflow: hidden;\"><div class=\"fb-like\" data-href=\"https:\/\/smtp224.allytech.com\/~uv030373\/actividades\/homenaje-a-pio-collivadino\/\" data-send=\"false\" data-width=\"51\" data-show-faces=\"false\"><\/div><\/span><\/span><span class=\"mr_social_sharing\"><a rel=\"nofollow\" class=\"linksalpha_button linksalpha_link\" href=\"\/\/www.linksalpha.com\/social\/mobile\" data-url=\"https:\/\/smtp224.allytech.com\/~uv030373\/actividades\/homenaje-a-pio-collivadino\/\" data-text=\"Homenaje a P\u00edo Collivadino\" data-desc=\"Homenaje a P\u00edo Collivadino a 150 a\u00f1os de su nacimiento \u00a0 La Academia Nacional de Bellas Artes los invita al Homenaje al artista Pio Collivadino, Acad\u00e9mico de N\u00famero desde la fecha de creaci\u00f3n de la ANBA. La conferencia estar\u00e1 a cargo de Mar\u00eda Isabel Baldasarre, Mariana Buscaglia y Laura\" data-image=\"https:\/\/smtp224.allytech.com\/~uv030373\/wp-content\/uploads\/2019\/08\/Flyer-Collivadino-300x300.jpg\" data-button=\"icon_small\">\r\n\t\t\t\t\t<img src=\"\/\/www.linksalpha.com\/images\/social_share_icon_small.png\" alt=\"Share\" class=\"linksalpha_image\" \/>\r\n\t\t\t\t\t<\/a><script type=\"text\/javascript\" src=\"\/\/www.linksalpha.com\/scripts\/loader_iconbox.js?v=2.4\"><\/script><\/span><\/div>","protected":false},"author":6,"featured_media":2861,"comment_status":"closed","ping_status":"closed","sticky":false,"template":"","format":"standard","meta":[],"categories":[3],"tags":[],"acf":[],"yoast_head":"<!-- This site is optimized with the Yoast SEO plugin v18.1 - https:\/\/yoast.com\/wordpress\/plugins\/seo\/ -->\n<title>Homenaje a P\u00edo Collivadino - ANBA<\/title>\n<meta name=\"description\" content=\"Homenaje a P\u00edo Collivadino a 150 a\u00f1os de su nacimiento &nbsp; La Academia Nacional de Bellas Artes los invita al Homenaje al artista Pio Collivadino,\" \/>\n<meta name=\"robots\" content=\"index, follow, max-snippet:-1, max-image-preview:large, max-video-preview:-1\" \/>\n<link rel=\"canonical\" href=\"https:\/\/smtp224.allytech.com\/~uv030373\/actividades\/homenaje-a-pio-collivadino\/\" \/>\n<meta property=\"og:locale\" content=\"es_ES\" \/>\n<meta property=\"og:type\" content=\"article\" \/>\n<meta property=\"og:title\" content=\"Homenaje a P\u00edo Collivadino - ANBA\" \/>\n<meta property=\"og:description\" content=\"Homenaje a P\u00edo Collivadino a 150 a\u00f1os de su nacimiento &nbsp; La Academia Nacional de Bellas Artes los invita al Homenaje al artista Pio Collivadino,\" \/>\n<meta property=\"og:url\" content=\"https:\/\/smtp224.allytech.com\/~uv030373\/actividades\/homenaje-a-pio-collivadino\/\" \/>\n<meta property=\"og:site_name\" content=\"ANBA\" \/>\n<meta property=\"article:publisher\" content=\"https:\/\/www.facebook.com\/anbaweb\" \/>\n<meta property=\"article:published_time\" content=\"2019-08-09T20:15:34+00:00\" \/>\n<meta property=\"article:modified_time\" content=\"2019-08-09T20:34:07+00:00\" \/>\n<meta property=\"og:image\" content=\"https:\/\/smtp224.allytech.com\/~uv030373\/wp-content\/uploads\/2019\/08\/Flyer-Collivadino.jpg\" \/>\n\t<meta property=\"og:image:width\" content=\"998\" \/>\n\t<meta property=\"og:image:height\" content=\"709\" \/>\n\t<meta property=\"og:image:type\" content=\"image\/jpeg\" \/>\n<meta name=\"twitter:card\" content=\"summary_large_image\" \/>\n<meta name=\"twitter:creator\" content=\"@anbaweb\" \/>\n<meta name=\"twitter:site\" content=\"@anbaweb\" \/>\n<meta name=\"twitter:label1\" content=\"Escrito por\" \/>\n\t<meta name=\"twitter:data1\" content=\"Gregorio S\u00e1enz\" \/>\n\t<meta name=\"twitter:label2\" content=\"Tiempo de lectura\" \/>\n\t<meta name=\"twitter:data2\" content=\"1 minuto\" \/>\n<script type=\"application\/ld+json\" class=\"yoast-schema-graph\">{\"@context\":\"https:\/\/schema.org\",\"@graph\":[{\"@type\":\"Organization\",\"@id\":\"https:\/\/smtp224.allytech.com\/~uv030373\/#organization\",\"name\":\"ANBA Academia Nacional de Bellas Artes\",\"url\":\"https:\/\/smtp224.allytech.com\/~uv030373\/\",\"sameAs\":[\"https:\/\/www.facebook.com\/anbaweb\",\"https:\/\/twitter.com\/anbaweb\"],\"logo\":{\"@type\":\"ImageObject\",\"@id\":\"https:\/\/smtp224.allytech.com\/~uv030373\/#logo\",\"inLanguage\":\"es\",\"url\":\"https:\/\/smtp224.allytech.com\/~uv030373\/wp-content\/uploads\/2018\/07\/anba-2017-2.jpg\",\"contentUrl\":\"https:\/\/smtp224.allytech.com\/~uv030373\/wp-content\/uploads\/2018\/07\/anba-2017-2.jpg\",\"width\":218,\"height\":271,\"caption\":\"ANBA Academia Nacional de Bellas Artes\"},\"image\":{\"@id\":\"https:\/\/smtp224.allytech.com\/~uv030373\/#logo\"}},{\"@type\":\"WebSite\",\"@id\":\"https:\/\/smtp224.allytech.com\/~uv030373\/#website\",\"url\":\"https:\/\/smtp224.allytech.com\/~uv030373\/\",\"name\":\"ANBA\",\"description\":\"Academia Nacional de Bellas Artes\",\"publisher\":{\"@id\":\"https:\/\/smtp224.allytech.com\/~uv030373\/#organization\"},\"potentialAction\":[{\"@type\":\"SearchAction\",\"target\":{\"@type\":\"EntryPoint\",\"urlTemplate\":\"https:\/\/smtp224.allytech.com\/~uv030373\/?s={search_term_string}\"},\"query-input\":\"required name=search_term_string\"}],\"inLanguage\":\"es\"},{\"@type\":\"ImageObject\",\"@id\":\"https:\/\/smtp224.allytech.com\/~uv030373\/actividades\/homenaje-a-pio-collivadino\/#primaryimage\",\"inLanguage\":\"es\",\"url\":\"https:\/\/smtp224.allytech.com\/~uv030373\/wp-content\/uploads\/2019\/08\/Flyer-Collivadino.jpg\",\"contentUrl\":\"https:\/\/smtp224.allytech.com\/~uv030373\/wp-content\/uploads\/2019\/08\/Flyer-Collivadino.jpg\",\"width\":998,\"height\":709},{\"@type\":\"WebPage\",\"@id\":\"https:\/\/smtp224.allytech.com\/~uv030373\/actividades\/homenaje-a-pio-collivadino\/#webpage\",\"url\":\"https:\/\/smtp224.allytech.com\/~uv030373\/actividades\/homenaje-a-pio-collivadino\/\",\"name\":\"Homenaje a P\u00edo Collivadino - ANBA\",\"isPartOf\":{\"@id\":\"https:\/\/smtp224.allytech.com\/~uv030373\/#website\"},\"primaryImageOfPage\":{\"@id\":\"https:\/\/smtp224.allytech.com\/~uv030373\/actividades\/homenaje-a-pio-collivadino\/#primaryimage\"},\"datePublished\":\"2019-08-09T20:15:34+00:00\",\"dateModified\":\"2019-08-09T20:34:07+00:00\",\"description\":\"Homenaje a P\u00edo Collivadino a 150 a\u00f1os de su nacimiento &nbsp; La Academia Nacional de Bellas Artes los invita al Homenaje al artista Pio Collivadino,\",\"breadcrumb\":{\"@id\":\"https:\/\/smtp224.allytech.com\/~uv030373\/actividades\/homenaje-a-pio-collivadino\/#breadcrumb\"},\"inLanguage\":\"es\",\"potentialAction\":[{\"@type\":\"ReadAction\",\"target\":[\"https:\/\/smtp224.allytech.com\/~uv030373\/actividades\/homenaje-a-pio-collivadino\/\"]}]},{\"@type\":\"BreadcrumbList\",\"@id\":\"https:\/\/smtp224.allytech.com\/~uv030373\/actividades\/homenaje-a-pio-collivadino\/#breadcrumb\",\"itemListElement\":[{\"@type\":\"ListItem\",\"position\":1,\"name\":\"Inicio\",\"item\":\"https:\/\/smtp224.allytech.com\/~uv030373\/\"},{\"@type\":\"ListItem\",\"position\":2,\"name\":\"Homenaje a P\u00edo Collivadino\"}]},{\"@type\":\"Article\",\"@id\":\"https:\/\/smtp224.allytech.com\/~uv030373\/actividades\/homenaje-a-pio-collivadino\/#article\",\"isPartOf\":{\"@id\":\"https:\/\/smtp224.allytech.com\/~uv030373\/actividades\/homenaje-a-pio-collivadino\/#webpage\"},\"author\":{\"@id\":\"https:\/\/smtp224.allytech.com\/~uv030373\/#\/schema\/person\/980438c8bda6e7d0e371fb773095a5e5\"},\"headline\":\"Homenaje a P\u00edo Collivadino\",\"datePublished\":\"2019-08-09T20:15:34+00:00\",\"dateModified\":\"2019-08-09T20:34:07+00:00\",\"mainEntityOfPage\":{\"@id\":\"https:\/\/smtp224.allytech.com\/~uv030373\/actividades\/homenaje-a-pio-collivadino\/#webpage\"},\"wordCount\":170,\"publisher\":{\"@id\":\"https:\/\/smtp224.allytech.com\/~uv030373\/#organization\"},\"image\":{\"@id\":\"https:\/\/smtp224.allytech.com\/~uv030373\/actividades\/homenaje-a-pio-collivadino\/#primaryimage\"},\"thumbnailUrl\":\"https:\/\/smtp224.allytech.com\/~uv030373\/wp-content\/uploads\/2019\/08\/Flyer-Collivadino.jpg\",\"articleSection\":[\"Actividades\"],\"inLanguage\":\"es\"},{\"@type\":\"Person\",\"@id\":\"https:\/\/smtp224.allytech.com\/~uv030373\/#\/schema\/person\/980438c8bda6e7d0e371fb773095a5e5\",\"name\":\"Gregorio S\u00e1enz\",\"image\":{\"@type\":\"ImageObject\",\"@id\":\"https:\/\/smtp224.allytech.com\/~uv030373\/#personlogo\",\"inLanguage\":\"es\",\"url\":\"https:\/\/secure.gravatar.com\/avatar\/8956be72b3524d9ba739f88ec32b0cd0?s=96&d=mm&r=g\",\"contentUrl\":\"https:\/\/secure.gravatar.com\/avatar\/8956be72b3524d9ba739f88ec32b0cd0?s=96&d=mm&r=g\",\"caption\":\"Gregorio S\u00e1enz\"},\"url\":\"https:\/\/smtp224.allytech.com\/~uv030373\/author\/gregorio\/\"}]}<\/script>\n<!-- \/ Yoast SEO plugin. -->","yoast_head_json":{"title":"Homenaje a P\u00edo Collivadino - ANBA","description":"Homenaje a P\u00edo Collivadino a 150 a\u00f1os de su nacimiento &nbsp; La Academia Nacional de Bellas Artes los invita al Homenaje al artista Pio Collivadino,","robots":{"index":"index","follow":"follow","max-snippet":"max-snippet:-1","max-image-preview":"max-image-preview:large","max-video-preview":"max-video-preview:-1"},"canonical":"https:\/\/smtp224.allytech.com\/~uv030373\/actividades\/homenaje-a-pio-collivadino\/","og_locale":"es_ES","og_type":"article","og_title":"Homenaje a P\u00edo Collivadino - ANBA","og_description":"Homenaje a P\u00edo Collivadino a 150 a\u00f1os de su nacimiento &nbsp; La Academia Nacional de Bellas Artes los invita al Homenaje al artista Pio Collivadino,","og_url":"https:\/\/smtp224.allytech.com\/~uv030373\/actividades\/homenaje-a-pio-collivadino\/","og_site_name":"ANBA","article_publisher":"https:\/\/www.facebook.com\/anbaweb","article_published_time":"2019-08-09T20:15:34+00:00","article_modified_time":"2019-08-09T20:34:07+00:00","og_image":[{"width":998,"height":709,"url":"https:\/\/smtp224.allytech.com\/~uv030373\/wp-content\/uploads\/2019\/08\/Flyer-Collivadino.jpg","type":"image\/jpeg"}],"twitter_card":"summary_large_image","twitter_creator":"@anbaweb","twitter_site":"@anbaweb","twitter_misc":{"Escrito por":"Gregorio S\u00e1enz","Tiempo de lectura":"1 minuto"},"schema":{"@context":"https:\/\/schema.org","@graph":[{"@type":"Organization","@id":"https:\/\/smtp224.allytech.com\/~uv030373\/#organization","name":"ANBA Academia Nacional de Bellas Artes","url":"https:\/\/smtp224.allytech.com\/~uv030373\/","sameAs":["https:\/\/www.facebook.com\/anbaweb","https:\/\/twitter.com\/anbaweb"],"logo":{"@type":"ImageObject","@id":"https:\/\/smtp224.allytech.com\/~uv030373\/#logo","inLanguage":"es","url":"https:\/\/smtp224.allytech.com\/~uv030373\/wp-content\/uploads\/2018\/07\/anba-2017-2.jpg","contentUrl":"https:\/\/smtp224.allytech.com\/~uv030373\/wp-content\/uploads\/2018\/07\/anba-2017-2.jpg","width":218,"height":271,"caption":"ANBA Academia Nacional de Bellas Artes"},"image":{"@id":"https:\/\/smtp224.allytech.com\/~uv030373\/#logo"}},{"@type":"WebSite","@id":"https:\/\/smtp224.allytech.com\/~uv030373\/#website","url":"https:\/\/smtp224.allytech.com\/~uv030373\/","name":"ANBA","description":"Academia Nacional de Bellas Artes","publisher":{"@id":"https:\/\/smtp224.allytech.com\/~uv030373\/#organization"},"potentialAction":[{"@type":"SearchAction","target":{"@type":"EntryPoint","urlTemplate":"https:\/\/smtp224.allytech.com\/~uv030373\/?s={search_term_string}"},"query-input":"required name=search_term_string"}],"inLanguage":"es"},{"@type":"ImageObject","@id":"https:\/\/smtp224.allytech.com\/~uv030373\/actividades\/homenaje-a-pio-collivadino\/#primaryimage","inLanguage":"es","url":"https:\/\/smtp224.allytech.com\/~uv030373\/wp-content\/uploads\/2019\/08\/Flyer-Collivadino.jpg","contentUrl":"https:\/\/smtp224.allytech.com\/~uv030373\/wp-content\/uploads\/2019\/08\/Flyer-Collivadino.jpg","width":998,"height":709},{"@type":"WebPage","@id":"https:\/\/smtp224.allytech.com\/~uv030373\/actividades\/homenaje-a-pio-collivadino\/#webpage","url":"https:\/\/smtp224.allytech.com\/~uv030373\/actividades\/homenaje-a-pio-collivadino\/","name":"Homenaje a P\u00edo Collivadino - ANBA","isPartOf":{"@id":"https:\/\/smtp224.allytech.com\/~uv030373\/#website"},"primaryImageOfPage":{"@id":"https:\/\/smtp224.allytech.com\/~uv030373\/actividades\/homenaje-a-pio-collivadino\/#primaryimage"},"datePublished":"2019-08-09T20:15:34+00:00","dateModified":"2019-08-09T20:34:07+00:00","description":"Homenaje a P\u00edo Collivadino a 150 a\u00f1os de su nacimiento &nbsp; La Academia Nacional de Bellas Artes los invita al Homenaje al artista Pio Collivadino,","breadcrumb":{"@id":"https:\/\/smtp224.allytech.com\/~uv030373\/actividades\/homenaje-a-pio-collivadino\/#breadcrumb"},"inLanguage":"es","potentialAction":[{"@type":"ReadAction","target":["https:\/\/smtp224.allytech.com\/~uv030373\/actividades\/homenaje-a-pio-collivadino\/"]}]},{"@type":"BreadcrumbList","@id":"https:\/\/smtp224.allytech.com\/~uv030373\/actividades\/homenaje-a-pio-collivadino\/#breadcrumb","itemListElement":[{"@type":"ListItem","position":1,"name":"Inicio","item":"https:\/\/smtp224.allytech.com\/~uv030373\/"},{"@type":"ListItem","position":2,"name":"Homenaje a P\u00edo Collivadino"}]},{"@type":"Article","@id":"https:\/\/smtp224.allytech.com\/~uv030373\/actividades\/homenaje-a-pio-collivadino\/#article","isPartOf":{"@id":"https:\/\/smtp224.allytech.com\/~uv030373\/actividades\/homenaje-a-pio-collivadino\/#webpage"},"author":{"@id":"https:\/\/smtp224.allytech.com\/~uv030373\/#\/schema\/person\/980438c8bda6e7d0e371fb773095a5e5"},"headline":"Homenaje a P\u00edo Collivadino","datePublished":"2019-08-09T20:15:34+00:00","dateModified":"2019-08-09T20:34:07+00:00","mainEntityOfPage":{"@id":"https:\/\/smtp224.allytech.com\/~uv030373\/actividades\/homenaje-a-pio-collivadino\/#webpage"},"wordCount":170,"publisher":{"@id":"https:\/\/smtp224.allytech.com\/~uv030373\/#organization"},"image":{"@id":"https:\/\/smtp224.allytech.com\/~uv030373\/actividades\/homenaje-a-pio-collivadino\/#primaryimage"},"thumbnailUrl":"https:\/\/smtp224.allytech.com\/~uv030373\/wp-content\/uploads\/2019\/08\/Flyer-Collivadino.jpg","articleSection":["Actividades"],"inLanguage":"es"},{"@type":"Person","@id":"https:\/\/smtp224.allytech.com\/~uv030373\/#\/schema\/person\/980438c8bda6e7d0e371fb773095a5e5","name":"Gregorio S\u00e1enz","image":{"@type":"ImageObject","@id":"https:\/\/smtp224.allytech.com\/~uv030373\/#personlogo","inLanguage":"es","url":"https:\/\/secure.gravatar.com\/avatar\/8956be72b3524d9ba739f88ec32b0cd0?s=96&d=mm&r=g","contentUrl":"https:\/\/secure.gravatar.com\/avatar\/8956be72b3524d9ba739f88ec32b0cd0?s=96&d=mm&r=g","caption":"Gregorio S\u00e1enz"},"url":"https:\/\/smtp224.allytech.com\/~uv030373\/author\/gregorio\/"}]}},"_links":{"self":[{"href":"https:\/\/smtp224.allytech.com\/~uv030373\/wp-json\/wp\/v2\/posts\/2860"}],"collection":[{"href":"https:\/\/smtp224.allytech.com\/~uv030373\/wp-json\/wp\/v2\/posts"}],"about":[{"href":"https:\/\/smtp224.allytech.com\/~uv030373\/wp-json\/wp\/v2\/types\/post"}],"author":[{"embeddable":true,"href":"https:\/\/smtp224.allytech.com\/~uv030373\/wp-json\/wp\/v2\/users\/6"}],"replies":[{"embeddable":true,"href":"https:\/\/smtp224.allytech.com\/~uv030373\/wp-json\/wp\/v2\/comments?post=2860"}],"version-history":[{"count":6,"href":"https:\/\/smtp224.allytech.com\/~uv030373\/wp-json\/wp\/v2\/posts\/2860\/revisions"}],"predecessor-version":[{"id":2870,"href":"https:\/\/smtp224.allytech.com\/~uv030373\/wp-json\/wp\/v2\/posts\/2860\/revisions\/2870"}],"wp:featuredmedia":[{"embeddable":true,"href":"https:\/\/smtp224.allytech.com\/~uv030373\/wp-json\/wp\/v2\/media\/2861"}],"wp:attachment":[{"href":"https:\/\/smtp224.allytech.com\/~uv030373\/wp-json\/wp\/v2\/media?parent=2860"}],"wp:term":[{"taxonomy":"category","embeddable":true,"href":"https:\/\/smtp224.allytech.com\/~uv030373\/wp-json\/wp\/v2\/categories?post=2860"},{"taxonomy":"post_tag","embeddable":true,"href":"https:\/\/smtp224.allytech.com\/~uv030373\/wp-json\/wp\/v2\/tags?post=2860"}],"curies":[{"name":"wp","href":"https:\/\/api.w.org\/{rel}","templated":true}]}}